{"id":959,"date":"2023-02-11T12:45:58","date_gmt":"2023-02-11T11:45:58","guid":{"rendered":"https:\/\/agora.xtec.cat\/zeremporda\/?p=959"},"modified":"2023-02-11T16:49:20","modified_gmt":"2023-02-11T15:49:20","slug":"plecs-una-proposta-dins-el-projecte-mirades-22-23","status":"publish","type":"post","link":"https:\/\/agora.xtec.cat\/zeremporda\/general\/plecs-una-proposta-dins-el-projecte-mirades-22-23\/","title":{"rendered":"PLECS, una proposta dins el Projecte Mirades 22-23"},"content":{"rendered":"<p>Durant el 1r trimestre 22-23, dins el Projecte MIRADES, hem desenvolupat la proposta Plecs. Plecs parteix de la col\u00b7lecci\u00f3 de l&#8217;artista empordanesa Tura Sanglas Sanz i ens ha perm\u00e8s explorar el concepte identitat i intimitat a partir dels plecs del nostre cos. Ha estat un cam\u00ed preci\u00f3s en el qual ens hem endinsat en la pr\u00f2pia construcci\u00f3 afectivo-sexual de forma personal i col\u00b7lectiva.<\/p>\n<p>Tot seguit podeu veure una mostra del proc\u00e9s de desenvolupament: <a href=\"https:\/\/www.canva.com\/design\/DAFUw6lG0eA\/L3EPkYLs7u5CKgYS8caKRg\/view?utm_content=DAFUw6lG0eA&amp;utm_campaign=designshare&amp;utm_medium=link2&amp;utm_source=sharebutton\">PLECS<\/a><\/p>\n","protected":false},"excerpt":{"rendered":"<p>Durant el 1r trimestre 22-23, dins el Projecte MIRADES, hem desenvolupat la proposta Plecs. Plecs parteix de la col\u00b7lecci\u00f3 de l&#8217;artista empordanesa Tura Sanglas Sanz i ens ha perm\u00e8s explorar el concepte identitat i intimitat a partir dels plecs del nostre cos. Ha estat un&hellip;  <a href=\"https:\/\/agora.xtec.cat\/zeremporda\/general\/plecs-una-proposta-dins-el-projecte-mirades-22-23\/\" title=\"Read PLECS, una proposta dins el Projecte Mirades 22-23\">Llegeix m\u00e9s\u00bb<\/a><\/p>\n","protected":false},"author":1,"featured_media":963,"comment_status":"open","ping_status":"closed","sticky":false,"template":"","format":"standard","meta":{"_bbp_topic_count":0,"_bbp_reply_count":0,"_bbp_total_topic_count":0,"_bbp_total_reply_count":0,"_bbp_voice_count":0,"_bbp_anonymous_reply_count":0,"_bbp_topic_count_hidden":0,"_bbp_reply_count_hidden":0,"_bbp_forum_subforum_count":0,"footnotes":""},"categories":[137,1],"tags":[],"class_list":["post-959","post","type-post","status-publish","format-standard","has-post-thumbnail","hentry","category-curs-2022-2023","category-general"],"post_mailing_queue_ids":[],"_links":{"self":[{"href":"https:\/\/agora.xtec.cat\/zeremporda\/wp-json\/wp\/v2\/posts\/959","targetHints":{"allow":["GET"]}}],"collection":[{"href":"https:\/\/agora.xtec.cat\/zeremporda\/wp-json\/wp\/v2\/posts"}],"about":[{"href":"https:\/\/agora.xtec.cat\/zeremporda\/wp-json\/wp\/v2\/types\/post"}],"author":[{"embeddable":true,"href":"https:\/\/agora.xtec.cat\/zeremporda\/wp-json\/wp\/v2\/users\/1"}],"replies":[{"embeddable":true,"href":"https:\/\/agora.xtec.cat\/zeremporda\/wp-json\/wp\/v2\/comments?post=959"}],"version-history":[{"count":4,"href":"https:\/\/agora.xtec.cat\/zeremporda\/wp-json\/wp\/v2\/posts\/959\/revisions"}],"predecessor-version":[{"id":1024,"href":"https:\/\/agora.xtec.cat\/zeremporda\/wp-json\/wp\/v2\/posts\/959\/revisions\/1024"}],"wp:featuredmedia":[{"embeddable":true,"href":"https:\/\/agora.xtec.cat\/zeremporda\/wp-json\/wp\/v2\/media\/963"}],"wp:attachment":[{"href":"https:\/\/agora.xtec.cat\/zeremporda\/wp-json\/wp\/v2\/media?parent=959"}],"wp:term":[{"taxonomy":"category","embeddable":true,"href":"https:\/\/agora.xtec.cat\/zeremporda\/wp-json\/wp\/v2\/categories?post=959"},{"taxonomy":"post_tag","embeddable":true,"href":"https:\/\/agora.xtec.cat\/zeremporda\/wp-json\/wp\/v2\/tags?post=959"}],"curies":[{"name":"wp","href":"https:\/\/api.w.org\/{rel}","templated":true}]}}