{"id":955,"date":"2023-02-11T12:12:08","date_gmt":"2023-02-11T11:12:08","guid":{"rendered":"https:\/\/agora.xtec.cat\/zeremporda\/?p=955"},"modified":"2023-02-11T15:03:07","modified_gmt":"2023-02-11T14:03:07","slug":"projecte-camins-el-projecte-22-23-de-la-zer","status":"publish","type":"post","link":"https:\/\/agora.xtec.cat\/zeremporda\/general\/projecte-camins-el-projecte-22-23-de-la-zer\/","title":{"rendered":"Projecte CAMINS: el projecte 22-23 de la ZER"},"content":{"rendered":"<p><b>EL PROJECTE CAMINS, UNA OPORTUNITAT PER CAMINAR JUNTS<\/b><\/p>\n<p><span style=\"font-weight: 400;\">Cada curs dissenyem un projecte que ens ajuda a cr\u00e9ixer plegats, com a comunitat educativa, amb l\u2019objectiu de generar identitat cultural i de territori.<\/span><\/p>\n<p><span style=\"font-weight: 400;\">Aquest curs, el projecte que estem desenvolupant \u00e9s CAMINS. Camins \u00e9s sobretot una proposta que es desenvolupa a trav\u00e9s de la metodologia de treball per projectes a partir d\u2019un repte social: posar en valor un cam\u00ed de cadascun dels nostres petits pobles. A partir del repte, infants i mestres amb l\u2019ajuda d\u2019experts del territori, investigarem els elements naturals que el conformen, plantes aut\u00f2ctones, fauna pr\u00f2pia, geologia\u2026 Aquest treball d\u2019investigaci\u00f3 cient\u00edfica es dur\u00e0 a terme amb un fort vincle amb l\u2019art des de diferents punts de vista. La il\u00b7lustraci\u00f3 ens permetr\u00e0 dibuixar els elements estudiats i contribuir a la hist\u00f2ria natural del nostre entorn amb ulls d\u2019infant, la fotografia\u00a0<\/span><span style=\"font-weight: 400;\">ens ajudar\u00e0 a definir i descriure el paisatge, la dansa ens deixar\u00e0 explorar el nostre caminar, i la literatura ser\u00e0 l\u2019element imprescindible que donar\u00e0 sentit a cadascun dels aprenentatge posant al seu servei la paraula com l\u2019element imprescindible de coneixement i de canvi. Una paraula que ser\u00e0 sobretot po\u00e8tica i que ens permetr\u00e0 expressar-nos plegats. Tenim la fortuna de comptar amb grans referents musicals que han posat m\u00fasica al cam\u00ed, per aix\u00f2, per a nosaltres, la descoberta del poema de M.Mart\u00ed i Pol musicat per Gerard Quintana i Sopa de Cabra, ens d\u00f3na l\u2019oportunitat de seguir el pas de la paraula portada a la m\u00fasica, un itinerari que a nivell d\u2019aprenentatge ens resulta molt interessant.\u00a0<\/span><\/p>\n<p>En front un repte tan gran i tan interessant com aquest, no hem trobat millor manera de comen\u00e7ar que caminar plegats, fam\u00edlies, infants, mestres, representants de l&#8217;ajuntament i amics i amigues que ens hi han volgut acompanyar!<\/p>\n<p style=\"text-align: center;\"><em><strong><a href=\"https:\/\/drive.google.com\/drive\/folders\/1AJ2jP78oCSFy6DdGIX1fBDcSgV2VEK64?usp=sharing\">CAMINADA AIGUAMOLLS DE L&#8217;EMPORD\u00c0-OCTUBRE&#8217;22<\/a><\/strong><\/em><\/p>\n<p><img loading=\"lazy\" decoding=\"async\" class=\"aligncenter size-medium wp-image-969\" src=\"https:\/\/agora.xtec.cat\/zeremporda\/wp-content\/uploads\/usu2230\/2023\/02\/20221015_102158-1-300x225.jpg\" alt=\"\" width=\"300\" height=\"225\" srcset=\"https:\/\/agora.xtec.cat\/zeremporda\/wp-content\/uploads\/usu2230\/2023\/02\/20221015_102158-1-300x225.jpg 300w, https:\/\/agora.xtec.cat\/zeremporda\/wp-content\/uploads\/usu2230\/2023\/02\/20221015_102158-1-768x576.jpg 768w, https:\/\/agora.xtec.cat\/zeremporda\/wp-content\/uploads\/usu2230\/2023\/02\/20221015_102158-1-200x150.jpg 200w, https:\/\/agora.xtec.cat\/zeremporda\/wp-content\/uploads\/usu2230\/2023\/02\/20221015_102158-1.jpg 1024w\" sizes=\"auto, (max-width: 300px) 100vw, 300px\" \/><\/p>\n<p>&nbsp;<\/p>\n<p>&nbsp;<\/p>\n","protected":false},"excerpt":{"rendered":"<p>EL PROJECTE CAMINS, UNA OPORTUNITAT PER CAMINAR JUNTS<br \/>\nCada curs dissenyem un projecte que ens ajuda a cr\u00e9ixer plegats, com a comunitat educativa, amb l\u2019objectiu de generar identitat cultural i de territori.<br \/>\nAquest curs, el projecte que estem desenvolupant \u00e9s CAMINS. Camins \u00e9s sobretot una proposta que&hellip;  <a href=\"https:\/\/agora.xtec.cat\/zeremporda\/general\/projecte-camins-el-projecte-22-23-de-la-zer\/\" title=\"Read Projecte CAMINS: el projecte 22-23 de la ZER\">Llegeix m\u00e9s\u00bb<\/a><\/p>\n","protected":false},"author":1,"featured_media":969,"comment_status":"open","ping_status":"closed","sticky":false,"template":"","format":"standard","meta":{"_bbp_topic_count":0,"_bbp_reply_count":0,"_bbp_total_topic_count":0,"_bbp_total_reply_count":0,"_bbp_voice_count":0,"_bbp_anonymous_reply_count":0,"_bbp_topic_count_hidden":0,"_bbp_reply_count_hidden":0,"_bbp_forum_subforum_count":0,"footnotes":""},"categories":[137,1],"tags":[],"class_list":["post-955","post","type-post","status-publish","format-standard","has-post-thumbnail","hentry","category-curs-2022-2023","category-general"],"post_mailing_queue_ids":[],"_links":{"self":[{"href":"https:\/\/agora.xtec.cat\/zeremporda\/wp-json\/wp\/v2\/posts\/955","targetHints":{"allow":["GET"]}}],"collection":[{"href":"https:\/\/agora.xtec.cat\/zeremporda\/wp-json\/wp\/v2\/posts"}],"about":[{"href":"https:\/\/agora.xtec.cat\/zeremporda\/wp-json\/wp\/v2\/types\/post"}],"author":[{"embeddable":true,"href":"https:\/\/agora.xtec.cat\/zeremporda\/wp-json\/wp\/v2\/users\/1"}],"replies":[{"embeddable":true,"href":"https:\/\/agora.xtec.cat\/zeremporda\/wp-json\/wp\/v2\/comments?post=955"}],"version-history":[{"count":2,"href":"https:\/\/agora.xtec.cat\/zeremporda\/wp-json\/wp\/v2\/posts\/955\/revisions"}],"predecessor-version":[{"id":970,"href":"https:\/\/agora.xtec.cat\/zeremporda\/wp-json\/wp\/v2\/posts\/955\/revisions\/970"}],"wp:featuredmedia":[{"embeddable":true,"href":"https:\/\/agora.xtec.cat\/zeremporda\/wp-json\/wp\/v2\/media\/969"}],"wp:attachment":[{"href":"https:\/\/agora.xtec.cat\/zeremporda\/wp-json\/wp\/v2\/media?parent=955"}],"wp:term":[{"taxonomy":"category","embeddable":true,"href":"https:\/\/agora.xtec.cat\/zeremporda\/wp-json\/wp\/v2\/categories?post=955"},{"taxonomy":"post_tag","embeddable":true,"href":"https:\/\/agora.xtec.cat\/zeremporda\/wp-json\/wp\/v2\/tags?post=955"}],"curies":[{"name":"wp","href":"https:\/\/api.w.org\/{rel}","templated":true}]}}