{"id":923,"date":"2022-02-15T13:36:16","date_gmt":"2022-02-15T12:36:16","guid":{"rendered":"https:\/\/agora.xtec.cat\/zeremporda\/?p=923"},"modified":"2023-02-11T15:04:29","modified_gmt":"2023-02-11T14:04:29","slug":"microambients","status":"publish","type":"post","link":"https:\/\/agora.xtec.cat\/zeremporda\/general\/microambients\/","title":{"rendered":"MICROAMBIENTS-CURS 21\/22"},"content":{"rendered":"<p><span style=\"font-weight: 400;\">Aquest any les diferents escoles de la ZER Empord\u00e0 ens hem iniciat en propostes educatives emmarcades dins la metodologia dels ambients d\u2019aprenentatge. Les aules de la comunitat dels petits estan pensades i reflexionades atenent les diferents necessitats dels nostres alumnes. Els microambients, petits espais amb propostes educatives, creen un ambient d\u2019aprenentatge relaxat i acollidor.\u00a0<\/span><\/p>\n<p><span style=\"font-weight: 400;\">La comunitat dels petits, infants de P3 a 2on de prim\u00e0ria, flueixen entre els diferents espais. Alguns dels microambients, que van canviant trimestralment, els hem agrupat en:<\/span><\/p>\n<ul>\n<li style=\"font-weight: 400;\" aria-level=\"1\"><span style=\"font-weight: 400;\">\u00e0mbit matem\u00e0tic, ci\u00e8ncia i construcci\u00f3.<\/span><\/li>\n<li style=\"font-weight: 400;\" aria-level=\"1\"><span style=\"font-weight: 400;\">\u00e0mbit ling\u00fc\u00edstic, simbolisme i minimons.<\/span><\/li>\n<\/ul>\n<p><span style=\"font-weight: 400;\">Aquesta organitzaci\u00f3 permet l\u2019autonomia dels infants i l\u2019autogesti\u00f3 dels reptes i preguntes que es formulen. La mestra acompanya, pregunta, observa, recull evid\u00e8ncies, agrupa iniciatives, facilita aprenentatges, condueix petits projectes\u2026 que van sorgint dins la quotidianitat del dia a dia.<\/span><\/p>\n<p>&nbsp;<\/p>\n<p><a href=\"https:\/\/drive.google.com\/drive\/folders\/1mgauIioLHeL1lk0bMeVnEslO4X5Kz-t3?usp=sharing\"><img loading=\"lazy\" decoding=\"async\" class=\"aligncenter size-medium wp-image-913\" src=\"https:\/\/agora.xtec.cat\/zeremporda\/wp-content\/uploads\/usu2230\/2022\/02\/20210912_142051-225x300.jpg\" alt=\"\" width=\"225\" height=\"300\" srcset=\"https:\/\/agora.xtec.cat\/zeremporda\/wp-content\/uploads\/usu2230\/2022\/02\/20210912_142051-225x300.jpg 225w, https:\/\/agora.xtec.cat\/zeremporda\/wp-content\/uploads\/usu2230\/2022\/02\/20210912_142051-768x1024.jpg 768w, https:\/\/agora.xtec.cat\/zeremporda\/wp-content\/uploads\/usu2230\/2022\/02\/20210912_142051-1152x1536.jpg 1152w, https:\/\/agora.xtec.cat\/zeremporda\/wp-content\/uploads\/usu2230\/2022\/02\/20210912_142051-1536x2048.jpg 1536w, https:\/\/agora.xtec.cat\/zeremporda\/wp-content\/uploads\/usu2230\/2022\/02\/20210912_142051-scaled.jpg 1920w\" sizes=\"auto, (max-width: 225px) 100vw, 225px\" \/><\/a><\/p>\n","protected":false},"excerpt":{"rendered":"<p>Aquest any les diferents escoles de la ZER Empord\u00e0 ens hem iniciat en propostes educatives emmarcades dins la metodologia dels ambients d\u2019aprenentatge. Les aules de la comunitat dels petits estan pensades i reflexionades atenent les diferents necessitats dels nostres alumnes. Els microambients, petits espais amb&hellip;  <a href=\"https:\/\/agora.xtec.cat\/zeremporda\/general\/microambients\/\" title=\"Read MICROAMBIENTS-CURS 21\/22\">Llegeix m\u00e9s\u00bb<\/a><\/p>\n","protected":false},"author":1,"featured_media":913,"comment_status":"open","ping_status":"closed","sticky":false,"template":"","format":"standard","meta":{"_bbp_topic_count":0,"_bbp_reply_count":0,"_bbp_total_topic_count":0,"_bbp_total_reply_count":0,"_bbp_voice_count":0,"_bbp_anonymous_reply_count":0,"_bbp_topic_count_hidden":0,"_bbp_reply_count_hidden":0,"_bbp_forum_subforum_count":0,"footnotes":""},"categories":[135,1],"tags":[],"class_list":["post-923","post","type-post","status-publish","format-standard","has-post-thumbnail","hentry","category-curs-2021-2022","category-general"],"post_mailing_queue_ids":[],"_links":{"self":[{"href":"https:\/\/agora.xtec.cat\/zeremporda\/wp-json\/wp\/v2\/posts\/923","targetHints":{"allow":["GET"]}}],"collection":[{"href":"https:\/\/agora.xtec.cat\/zeremporda\/wp-json\/wp\/v2\/posts"}],"about":[{"href":"https:\/\/agora.xtec.cat\/zeremporda\/wp-json\/wp\/v2\/types\/post"}],"author":[{"embeddable":true,"href":"https:\/\/agora.xtec.cat\/zeremporda\/wp-json\/wp\/v2\/users\/1"}],"replies":[{"embeddable":true,"href":"https:\/\/agora.xtec.cat\/zeremporda\/wp-json\/wp\/v2\/comments?post=923"}],"version-history":[{"count":3,"href":"https:\/\/agora.xtec.cat\/zeremporda\/wp-json\/wp\/v2\/posts\/923\/revisions"}],"predecessor-version":[{"id":976,"href":"https:\/\/agora.xtec.cat\/zeremporda\/wp-json\/wp\/v2\/posts\/923\/revisions\/976"}],"wp:featuredmedia":[{"embeddable":true,"href":"https:\/\/agora.xtec.cat\/zeremporda\/wp-json\/wp\/v2\/media\/913"}],"wp:attachment":[{"href":"https:\/\/agora.xtec.cat\/zeremporda\/wp-json\/wp\/v2\/media?parent=923"}],"wp:term":[{"taxonomy":"category","embeddable":true,"href":"https:\/\/agora.xtec.cat\/zeremporda\/wp-json\/wp\/v2\/categories?post=923"},{"taxonomy":"post_tag","embeddable":true,"href":"https:\/\/agora.xtec.cat\/zeremporda\/wp-json\/wp\/v2\/tags?post=923"}],"curies":[{"name":"wp","href":"https:\/\/api.w.org\/{rel}","templated":true}]}}