{"id":892,"date":"2022-02-15T13:09:07","date_gmt":"2022-02-15T12:09:07","guid":{"rendered":"https:\/\/agora.xtec.cat\/zeremporda\/?p=892"},"modified":"2023-02-11T15:05:55","modified_gmt":"2023-02-11T14:05:55","slug":"cercles","status":"publish","type":"post","link":"https:\/\/agora.xtec.cat\/zeremporda\/general\/cercles\/","title":{"rendered":"CERCLES"},"content":{"rendered":"<p><img loading=\"lazy\" decoding=\"async\" class=\"aligncenter size-medium wp-image-905\" src=\"https:\/\/agora.xtec.cat\/zeremporda\/wp-content\/uploads\/usu2230\/2022\/02\/IMG_20210917_134119_277-1-282x300.jpg\" alt=\"\" width=\"282\" height=\"300\" srcset=\"https:\/\/agora.xtec.cat\/zeremporda\/wp-content\/uploads\/usu2230\/2022\/02\/IMG_20210917_134119_277-1-282x300.jpg 282w, https:\/\/agora.xtec.cat\/zeremporda\/wp-content\/uploads\/usu2230\/2022\/02\/IMG_20210917_134119_277-1-768x817.jpg 768w, https:\/\/agora.xtec.cat\/zeremporda\/wp-content\/uploads\/usu2230\/2022\/02\/IMG_20210917_134119_277-1.jpg 911w\" sizes=\"auto, (max-width: 282px) 100vw, 282px\" \/><\/p>\n<p style=\"text-align: right;\"><i><span style=\"font-weight: 400;\">Acceptar i respectar la difer\u00e8ncia \u00e9s una d\u2019aquelles virtuts\u00a0<\/span><\/i><\/p>\n<p style=\"text-align: right;\"><i><span style=\"font-weight: 400;\">sense les quals l\u2019escolta no es pot donar.<\/span><\/i><\/p>\n<p style=\"text-align: right;\"><i><span style=\"font-weight: 400;\">Paulo Freire<\/span><\/i><\/p>\n<p><span style=\"font-weight: 400;\">Una de les activitats principals que hem introdu\u00eft aquest curs a totes les escoles de la Zer \u00e9s <\/span><b>El<\/b> <b>CERCLE<\/b><span style=\"font-weight: 400;\">.\u00a0<\/span><\/p>\n<p><span style=\"font-weight: 400;\">La pr\u00e0ctica del Cercle s\u2019emmarca dins la ter\u00e0pia restaurativa, una pr\u00e0ctica que a la Zer volem posar de relleu. Pretenem que l\u2019escola i l\u2019aula sigui un lloc on les relacions importen. Com m\u00e9s bones siguin les relacions a classe \u2014entre el docent i els alumnes, i dels alumnes entre si\u2014 m\u00e9s b\u00e9 podrem aprendre i menys conflictes i problemes hi haur\u00e0. Es tracta de desenvolupar una manera de ser i de fer que ens ajudar\u00e0 al llarg de la vida.<\/span><\/p>\n<p><span style=\"font-weight: 400;\">El cercle \u00e9s un espai segur i de confian\u00e7a per compartir hist\u00f2ries, emocions i necessitats, i alhora facilitar el coneixement mutu, el vincle i la cohesi\u00f3 de grup. Les relacions es construeixen horitzontalment, donant veu a tothom. Promou l\u2019escolta, el respecte a la difer\u00e8ncia i apodera al grup i a cadasc\u00fa en la pr\u00f2pia gesti\u00f3 emocional. Aquesta activitat que realitzem setmanalment, contribueix a la confian\u00e7a i a guanyar seguretat i sentit de pertinen\u00e7a. En definitiva, el cercle genera una oportunitat per expressar i compartir la nostra hist\u00f2ria, escoltar i ser escoltats, des del valor i el respecte i no des del judici. Al mateix temps, mentre acompanyem la construcci\u00f3 de la pr\u00f2pia personalitat i la relaci\u00f3 amb els altres, desenvolupem la nostra compet\u00e8ncia ling\u00fc\u00edstica, ja que al Cercle no s\u2019hi pot participar de qualsevol manera. Cal construir discurs, buscar les paraules adequades, ampliar l\u2019opini\u00f3 dels altres\u2026<\/span><\/p>\n<p><span style=\"font-weight: 400;\">En el desenvolupament del Cercle nom\u00e9s hi ha 3 normes, que s\u00f3n clau:<\/span><\/p>\n<ol>\n<li style=\"font-weight: 400;\" aria-level=\"1\"><span style=\"font-weight: 400;\">Parlar nom\u00e9s quan es t\u00e9 l\u2019objecte a la m\u00e0.<\/span><\/li>\n<li style=\"font-weight: 400;\" aria-level=\"1\"><span style=\"font-weight: 400;\">Escoltar activament i de forma respectuosa.<\/span><\/li>\n<li style=\"font-weight: 400;\" aria-level=\"1\"><span style=\"font-weight: 400;\">Vetllar pel benestar del grup.\u00a0<\/span><\/li>\n<\/ol>\n<p><span style=\"font-weight: 400;\">Durant el primer trimestre, el Cercle ha fet la funci\u00f3 principal de cohesi\u00f3 de grup i acompanyament d\u2019emocions. Hem compartit viv\u00e8ncies viscudes i desitjos per viure, hem ampliat el nostre vocabulari emocional&#8230; Ara, en aquest segon trimestre, l\u2019activitat principal del Cercle \u00e9s la comunicaci\u00f3 assertiva i la resoluci\u00f3 positiva dels conflictes, eines de provenci\u00f3 molt importants per generar una cultura democr\u00e0tica des de la visi\u00f3 dels moviments per la Pau.<\/span><\/p>\n<p style=\"text-align: center;\"><span style=\"font-weight: 400;\"> <a href=\"https:\/\/drive.google.com\/drive\/folders\/1ksL2bSZnxGo7VETNlD5MGvg-gd6gnjB8\">Cliqueu sobre la imatge per veure m\u00e9s fotografies<\/a><a href=\"https:\/\/drive.google.com\/drive\/folders\/1ksL2bSZnxGo7VETNlD5MGvg-gd6gnjB8\"><img loading=\"lazy\" decoding=\"async\" class=\"aligncenter wp-image-896 size-medium\" src=\"https:\/\/agora.xtec.cat\/zeremporda\/wp-content\/uploads\/usu2230\/2022\/02\/20220207_115102-scaled-e1644927321235-300x215.jpg\" alt=\"\" width=\"300\" height=\"215\" srcset=\"https:\/\/agora.xtec.cat\/zeremporda\/wp-content\/uploads\/usu2230\/2022\/02\/20220207_115102-scaled-e1644927321235-300x215.jpg 300w, https:\/\/agora.xtec.cat\/zeremporda\/wp-content\/uploads\/usu2230\/2022\/02\/20220207_115102-scaled-e1644927321235-1024x735.jpg 1024w, https:\/\/agora.xtec.cat\/zeremporda\/wp-content\/uploads\/usu2230\/2022\/02\/20220207_115102-scaled-e1644927321235-768x551.jpg 768w, https:\/\/agora.xtec.cat\/zeremporda\/wp-content\/uploads\/usu2230\/2022\/02\/20220207_115102-scaled-e1644927321235-1536x1103.jpg 1536w, https:\/\/agora.xtec.cat\/zeremporda\/wp-content\/uploads\/usu2230\/2022\/02\/20220207_115102-scaled-e1644927321235-2048x1471.jpg 2048w\" sizes=\"auto, (max-width: 300px) 100vw, 300px\" \/><\/a><\/span><\/p>\n<p>&nbsp;<\/p>\n","protected":false},"excerpt":{"rendered":"<p>&#8220;Acceptar i respectar la difer\u00e8ncia \u00e9s una d\u2019aquelles virtuts\u00a0sense les quals l\u2019escolta no es pot donar.&#8221;&hellip;  <a href=\"https:\/\/agora.xtec.cat\/zeremporda\/general\/cercles\/\" title=\"Read CERCLES\">Llegeix m\u00e9s\u00bb<\/a><\/p>\n","protected":false},"author":1,"featured_media":905,"comment_status":"open","ping_status":"closed","sticky":false,"template":"","format":"standard","meta":{"_bbp_topic_count":0,"_bbp_reply_count":0,"_bbp_total_topic_count":0,"_bbp_total_reply_count":0,"_bbp_voice_count":0,"_bbp_anonymous_reply_count":0,"_bbp_topic_count_hidden":0,"_bbp_reply_count_hidden":0,"_bbp_forum_subforum_count":0,"footnotes":""},"categories":[135,1],"tags":[],"class_list":["post-892","post","type-post","status-publish","format-standard","has-post-thumbnail","hentry","category-curs-2021-2022","category-general"],"post_mailing_queue_ids":[],"_links":{"self":[{"href":"https:\/\/agora.xtec.cat\/zeremporda\/wp-json\/wp\/v2\/posts\/892","targetHints":{"allow":["GET"]}}],"collection":[{"href":"https:\/\/agora.xtec.cat\/zeremporda\/wp-json\/wp\/v2\/posts"}],"about":[{"href":"https:\/\/agora.xtec.cat\/zeremporda\/wp-json\/wp\/v2\/types\/post"}],"author":[{"embeddable":true,"href":"https:\/\/agora.xtec.cat\/zeremporda\/wp-json\/wp\/v2\/users\/1"}],"replies":[{"embeddable":true,"href":"https:\/\/agora.xtec.cat\/zeremporda\/wp-json\/wp\/v2\/comments?post=892"}],"version-history":[{"count":4,"href":"https:\/\/agora.xtec.cat\/zeremporda\/wp-json\/wp\/v2\/posts\/892\/revisions"}],"predecessor-version":[{"id":1008,"href":"https:\/\/agora.xtec.cat\/zeremporda\/wp-json\/wp\/v2\/posts\/892\/revisions\/1008"}],"wp:featuredmedia":[{"embeddable":true,"href":"https:\/\/agora.xtec.cat\/zeremporda\/wp-json\/wp\/v2\/media\/905"}],"wp:attachment":[{"href":"https:\/\/agora.xtec.cat\/zeremporda\/wp-json\/wp\/v2\/media?parent=892"}],"wp:term":[{"taxonomy":"category","embeddable":true,"href":"https:\/\/agora.xtec.cat\/zeremporda\/wp-json\/wp\/v2\/categories?post=892"},{"taxonomy":"post_tag","embeddable":true,"href":"https:\/\/agora.xtec.cat\/zeremporda\/wp-json\/wp\/v2\/tags?post=892"}],"curies":[{"name":"wp","href":"https:\/\/api.w.org\/{rel}","templated":true}]}}