{"id":775,"date":"2021-02-17T10:39:01","date_gmt":"2021-02-17T09:39:01","guid":{"rendered":"https:\/\/agora.xtec.cat\/zeremporda\/?p=775"},"modified":"2022-02-15T13:43:53","modified_gmt":"2022-02-15T12:43:53","slug":"carnaval-a-la-zer-emporda","status":"publish","type":"post","link":"https:\/\/agora.xtec.cat\/zeremporda\/curs-2020-2021\/carnaval-a-la-zer-emporda\/","title":{"rendered":"Carnaval a la ZER Empord\u00e0"},"content":{"rendered":"<p><img loading=\"lazy\" decoding=\"async\" class=\"alignleft wp-image-777 size-medium\" src=\"https:\/\/agora.xtec.cat\/zeremporda\/wp-content\/uploads\/usu2230\/2021\/02\/1-Captura-de-pantalla-completa-522021-205138-224x300.jpg\" alt=\"\" width=\"224\" height=\"300\" srcset=\"https:\/\/agora.xtec.cat\/zeremporda\/wp-content\/uploads\/usu2230\/2021\/02\/1-Captura-de-pantalla-completa-522021-205138-224x300.jpg 224w, https:\/\/agora.xtec.cat\/zeremporda\/wp-content\/uploads\/usu2230\/2021\/02\/1-Captura-de-pantalla-completa-522021-205138.jpg 524w\" sizes=\"auto, (max-width: 224px) 100vw, 224px\" \/>La setmana passada vam celebrar la festa de Carnestoltes a les quatre escoles de la ZER.<\/p>\n<p>Com cada any, el Rei Titus ens va manar venir cada dia d&#8217;una manera diferent: dilluns amb un pentinat original i divertit, dimarts disfressats d&#8217;un &#8220;ofici del confinament&#8221; i dimecres amb el pijama posat!<\/p>\n<p>Dijous ens va manar que vest\u00edssim la disfressa que m\u00e9s ens agrad\u00e9s per fer festa grossa!<\/p>\n<p>Malauradament, degut a la pand\u00e8mia del coronavirus, aquest curs no ens hem pogut reunir les quatre escoles per celebrar la festa m\u00e9s esbojarrada de l&#8217;any, per\u00f2 mireu qu\u00e8 b\u00e9 ens ho hem passat a cada escola:<\/p>\n<p>&nbsp;<\/p>\n<p>&nbsp;<\/p>\n<p><a href=\"https:\/\/blocs.xtec.cat\/cistella\/2021\/02\/05\/carnaval\/\" target=\"_blank\" rel=\"noopener noreferrer\">ESCOLA MOSS\u00c8N JOSEP MARIA ALBERT DE CISTELLA<\/a><\/p>\n<p><a href=\"https:\/\/blocs.xtec.cat\/garrigas\/\" target=\"_blank\" rel=\"noopener noreferrer\">ESCOLA DE GARRIG\u00c0S<\/a><\/p>\n<p><a href=\"https:\/\/blocs.xtec.cat\/pontdemolins\/2021\/02\/11\/festa-de-carnaval\/\" target=\"_blank\" rel=\"noopener noreferrer\">ESCOLA TRAMUNTANA DE PONT DE MOLINS<\/a><\/p>\n<p><img loading=\"lazy\" decoding=\"async\" class=\"alignleft size-medium wp-image-776\" src=\"https:\/\/agora.xtec.cat\/zeremporda\/wp-content\/uploads\/usu2230\/2021\/02\/IMG_20210211_092959-1-1024x576-300x169.jpg\" alt=\"\" width=\"300\" height=\"169\" srcset=\"https:\/\/agora.xtec.cat\/zeremporda\/wp-content\/uploads\/usu2230\/2021\/02\/IMG_20210211_092959-1-1024x576-300x169.jpg 300w, https:\/\/agora.xtec.cat\/zeremporda\/wp-content\/uploads\/usu2230\/2021\/02\/IMG_20210211_092959-1-1024x576-768x432.jpg 768w, https:\/\/agora.xtec.cat\/zeremporda\/wp-content\/uploads\/usu2230\/2021\/02\/IMG_20210211_092959-1-1024x576.jpg 1024w\" sizes=\"auto, (max-width: 300px) 100vw, 300px\" \/><\/p>\n<p>&nbsp;<\/p>\n<p>&nbsp;<\/p>\n<p>&nbsp;<\/p>\n<p>&nbsp;<\/p>\n<p>&nbsp;<\/p>\n<p><a href=\"https:\/\/blocs.xtec.cat\/b7004244\/2021\/02\/15\/setmana-de-carnaval-i-dijous-llarder\/\" target=\"_blank\" rel=\"noopener noreferrer\">ESCOLA TRAMUNTANA DE VILANANT<\/a><\/p>\n<p><a href=\"https:\/\/blocs.xtec.cat\/b7004244\/2021\/02\/15\/setmana-de-carnaval-i-dijous-llarder\/\" target=\"_blank\" rel=\"noopener noreferrer\"><img loading=\"lazy\" decoding=\"async\" class=\"alignleft wp-image-781 size-medium\" src=\"https:\/\/agora.xtec.cat\/zeremporda\/wp-content\/uploads\/usu2230\/2021\/02\/IMG_20210208_143456-300x225.jpg\" alt=\"\" width=\"300\" height=\"225\" srcset=\"https:\/\/agora.xtec.cat\/zeremporda\/wp-content\/uploads\/usu2230\/2021\/02\/IMG_20210208_143456-300x225.jpg 300w, https:\/\/agora.xtec.cat\/zeremporda\/wp-content\/uploads\/usu2230\/2021\/02\/IMG_20210208_143456-768x576.jpg 768w, https:\/\/agora.xtec.cat\/zeremporda\/wp-content\/uploads\/usu2230\/2021\/02\/IMG_20210208_143456-1024x768.jpg 1024w, https:\/\/agora.xtec.cat\/zeremporda\/wp-content\/uploads\/usu2230\/2021\/02\/IMG_20210208_143456-200x150.jpg 200w\" sizes=\"auto, (max-width: 300px) 100vw, 300px\" \/><\/a><\/p>\n<p>&nbsp;<\/p>\n<p>&nbsp;<\/p>\n<p>&nbsp;<\/p>\n","protected":false},"excerpt":{"rendered":"<p>La setmana passada vam celebrar la festa de Carnestoltes a les quatre escoles de la ZER.<br \/>\nCom cada any, el Rei Titus ens va manar venir cada dia d&#8217;una manera diferent: dilluns amb un pentinat original i divertit, dimarts disfressats d&#8217;un &#8220;ofici del confinament&#8221; i dimecres&hellip;  <a href=\"https:\/\/agora.xtec.cat\/zeremporda\/curs-2020-2021\/carnaval-a-la-zer-emporda\/\" title=\"Read Carnaval a la ZER Empord\u00e0\">Llegeix m\u00e9s\u00bb<\/a><\/p>\n","protected":false},"author":1,"featured_media":777,"comment_status":"open","ping_status":"closed","sticky":false,"template":"","format":"standard","meta":{"_bbp_topic_count":0,"_bbp_reply_count":0,"_bbp_total_topic_count":0,"_bbp_total_reply_count":0,"_bbp_voice_count":0,"_bbp_anonymous_reply_count":0,"_bbp_topic_count_hidden":0,"_bbp_reply_count_hidden":0,"_bbp_forum_subforum_count":0,"footnotes":""},"categories":[115],"tags":[119,116],"class_list":["post-775","post","type-post","status-publish","format-standard","has-post-thumbnail","hentry","category-curs-2020-2021","tag-carnaval","tag-festes"],"post_mailing_queue_ids":[],"_links":{"self":[{"href":"https:\/\/agora.xtec.cat\/zeremporda\/wp-json\/wp\/v2\/posts\/775","targetHints":{"allow":["GET"]}}],"collection":[{"href":"https:\/\/agora.xtec.cat\/zeremporda\/wp-json\/wp\/v2\/posts"}],"about":[{"href":"https:\/\/agora.xtec.cat\/zeremporda\/wp-json\/wp\/v2\/types\/post"}],"author":[{"embeddable":true,"href":"https:\/\/agora.xtec.cat\/zeremporda\/wp-json\/wp\/v2\/users\/1"}],"replies":[{"embeddable":true,"href":"https:\/\/agora.xtec.cat\/zeremporda\/wp-json\/wp\/v2\/comments?post=775"}],"version-history":[{"count":3,"href":"https:\/\/agora.xtec.cat\/zeremporda\/wp-json\/wp\/v2\/posts\/775\/revisions"}],"predecessor-version":[{"id":782,"href":"https:\/\/agora.xtec.cat\/zeremporda\/wp-json\/wp\/v2\/posts\/775\/revisions\/782"}],"wp:featuredmedia":[{"embeddable":true,"href":"https:\/\/agora.xtec.cat\/zeremporda\/wp-json\/wp\/v2\/media\/777"}],"wp:attachment":[{"href":"https:\/\/agora.xtec.cat\/zeremporda\/wp-json\/wp\/v2\/media?parent=775"}],"wp:term":[{"taxonomy":"category","embeddable":true,"href":"https:\/\/agora.xtec.cat\/zeremporda\/wp-json\/wp\/v2\/categories?post=775"},{"taxonomy":"post_tag","embeddable":true,"href":"https:\/\/agora.xtec.cat\/zeremporda\/wp-json\/wp\/v2\/tags?post=775"}],"curies":[{"name":"wp","href":"https:\/\/api.w.org\/{rel}","templated":true}]}}