{"id":747,"date":"2020-11-25T10:54:41","date_gmt":"2020-11-25T09:54:41","guid":{"rendered":"https:\/\/agora.xtec.cat\/zeremporda\/?p=747"},"modified":"2022-02-15T13:44:51","modified_gmt":"2022-02-15T12:44:51","slug":"lamic-de-zer","status":"publish","type":"post","link":"https:\/\/agora.xtec.cat\/zeremporda\/curs-2020-2021\/lamic-de-zer\/","title":{"rendered":"L&#8217;amic de ZER"},"content":{"rendered":"<p>Durant aquestes primeres setmanes de curs els alumnes de la ZER han conegut quin seria el seu &#8220;Amic de ZER&#8221;, el company de la ZER amb qui realitzar\u00e0 diferents activitats d&#8217;intercanvi al llarg de tot el curs.<\/p>\n<p>La primera d&#8217;aquestes activitats va consistir en dirigir-se un petit v\u00eddeo explicant alguna cosa sobre ells mateixos.<\/p>\n<p>A m\u00e9s a m\u00e9s, cada classe t\u00e9 el seu propi rac\u00f3 dedicat a la ZER. Un espai de l&#8217;aula on hi ha penjades les orles amb les fotografies d&#8217;alumnes i mestres de les quatre escoles. Al llarg del curs s&#8217;hi aniran afegint altres imatges de les diferents activitats relacionades amb &#8220;l&#8217;Amic de ZER&#8221;.<\/p>\n<p>&nbsp;<\/p>\n","protected":false},"excerpt":{"rendered":"<p>Durant aquestes primeres setmanes de curs els alumnes de la ZER han conegut quin seria el seu &#8220;Amic de ZER&#8221;, el company de la ZER amb qui realitzar\u00e0 diferents activitats d&#8217;intercanvi al llarg de tot el curs.<br \/>\nLa primera d&#8217;aquestes activitats va consistir en dirigir-se un&hellip;  <a href=\"https:\/\/agora.xtec.cat\/zeremporda\/curs-2020-2021\/lamic-de-zer\/\" title=\"Read L&#8217;amic de ZER\">Llegeix m\u00e9s\u00bb<\/a><\/p>\n","protected":false},"author":1,"featured_media":748,"comment_status":"open","ping_status":"closed","sticky":false,"template":"","format":"standard","meta":{"_bbp_topic_count":0,"_bbp_reply_count":0,"_bbp_total_topic_count":0,"_bbp_total_reply_count":0,"_bbp_voice_count":0,"_bbp_anonymous_reply_count":0,"_bbp_topic_count_hidden":0,"_bbp_reply_count_hidden":0,"_bbp_forum_subforum_count":0,"footnotes":""},"categories":[115],"tags":[117],"class_list":["post-747","post","type-post","status-publish","format-standard","has-post-thumbnail","hentry","category-curs-2020-2021","tag-amic-de-zer"],"post_mailing_queue_ids":[],"_links":{"self":[{"href":"https:\/\/agora.xtec.cat\/zeremporda\/wp-json\/wp\/v2\/posts\/747","targetHints":{"allow":["GET"]}}],"collection":[{"href":"https:\/\/agora.xtec.cat\/zeremporda\/wp-json\/wp\/v2\/posts"}],"about":[{"href":"https:\/\/agora.xtec.cat\/zeremporda\/wp-json\/wp\/v2\/types\/post"}],"author":[{"embeddable":true,"href":"https:\/\/agora.xtec.cat\/zeremporda\/wp-json\/wp\/v2\/users\/1"}],"replies":[{"embeddable":true,"href":"https:\/\/agora.xtec.cat\/zeremporda\/wp-json\/wp\/v2\/comments?post=747"}],"version-history":[{"count":1,"href":"https:\/\/agora.xtec.cat\/zeremporda\/wp-json\/wp\/v2\/posts\/747\/revisions"}],"predecessor-version":[{"id":749,"href":"https:\/\/agora.xtec.cat\/zeremporda\/wp-json\/wp\/v2\/posts\/747\/revisions\/749"}],"wp:featuredmedia":[{"embeddable":true,"href":"https:\/\/agora.xtec.cat\/zeremporda\/wp-json\/wp\/v2\/media\/748"}],"wp:attachment":[{"href":"https:\/\/agora.xtec.cat\/zeremporda\/wp-json\/wp\/v2\/media?parent=747"}],"wp:term":[{"taxonomy":"category","embeddable":true,"href":"https:\/\/agora.xtec.cat\/zeremporda\/wp-json\/wp\/v2\/categories?post=747"},{"taxonomy":"post_tag","embeddable":true,"href":"https:\/\/agora.xtec.cat\/zeremporda\/wp-json\/wp\/v2\/tags?post=747"}],"curies":[{"name":"wp","href":"https:\/\/api.w.org\/{rel}","templated":true}]}}