{"id":1595,"date":"2025-07-21T13:17:08","date_gmt":"2025-07-21T11:17:08","guid":{"rendered":"https:\/\/agora.xtec.cat\/zeremporda\/?p=1595"},"modified":"2025-07-21T13:18:08","modified_gmt":"2025-07-21T11:18:08","slug":"un-petit-refugi-un-gran-repte","status":"publish","type":"post","link":"https:\/\/agora.xtec.cat\/zeremporda\/general\/un-petit-refugi-un-gran-repte\/","title":{"rendered":"Un petit refugi, un gran repte"},"content":{"rendered":"<p>Que cada projecte acabi amb un gran repte no \u00e9s gens senzill. Requereix d&#8217;un proc\u00e9s de connexi\u00f3 entre les persones i l&#8217;entorn que no pot ser for\u00e7at. L&#8217;assemblea de delegats de la ZER, que es reuneix mensualment els dijous, \u00e9s l&#8217;encarregada de vehicular idees i propostes fent possible el circu\u00eft democr\u00e0tic. En primer lloc, recullen idees de les seves escoles per traslladar-les a l&#8217;assemblea. Aquesta, discuteix i sovint en proposa de noves, que a la vegada, tornen al s\u00ed de les escoles per ser debatudes i aprovades.<\/p>\n<p>El repte no sempre surt de seguida, tot el contrari. Cal deixar sentir el projecte per valorar quin \u00e9s el cam\u00ed possible i de gran impacte social.<\/p>\n<p>Aquest curs, Refugis ens havia portat a fer reptes molt pensats, ja que fer un documental i un llibre requeria molta previsi\u00f3 i coordinaci\u00f3. Per aix\u00f2, a priori, ni els infants ni les mestres ens hav\u00edem plantejat anar m\u00e9s enll\u00e0 d&#8217;aquests productes, que ja eren prou complexes.<\/p>\n<p>Per\u00f2 diuen que la inspiraci\u00f3 t&#8217;ha de trobar treballant. I aix\u00ed va ser com durant la marxa solid\u00e0ria organitzada per la ZER i l&#8217;Afa de Pont de Molins a favor de l&#8217;\u00e0rea de pediatria de l&#8217;Hospital de Figueres, va sorgir una nova possibilitat. Fer un refugi pels infants ingressats a l&#8217;\u00e0rea de pediatria.<\/p>\n<p>Finalment, i amb gran orgull, els delegats i delegades de la ZER van fer entrega a inicis de juliol, de 6 pissarres i 6 vinils per crear un petit refugi de benestar a cada habitaci\u00f3 de pediatria.<\/p>\n<p><img loading=\"lazy\" decoding=\"async\" class=\"aligncenter size-full wp-image-1596\" src=\"https:\/\/agora.xtec.cat\/zeremporda\/wp-content\/uploads\/usu2230\/2025\/07\/Imatge-de-WhatsApp-2025-07-10-a-les-18.20.54_242d6c29.jpg\" alt=\"\" width=\"1200\" height=\"1600\" srcset=\"https:\/\/agora.xtec.cat\/zeremporda\/wp-content\/uploads\/usu2230\/2025\/07\/Imatge-de-WhatsApp-2025-07-10-a-les-18.20.54_242d6c29.jpg 1200w, https:\/\/agora.xtec.cat\/zeremporda\/wp-content\/uploads\/usu2230\/2025\/07\/Imatge-de-WhatsApp-2025-07-10-a-les-18.20.54_242d6c29-225x300.jpg 225w, https:\/\/agora.xtec.cat\/zeremporda\/wp-content\/uploads\/usu2230\/2025\/07\/Imatge-de-WhatsApp-2025-07-10-a-les-18.20.54_242d6c29-768x1024.jpg 768w, https:\/\/agora.xtec.cat\/zeremporda\/wp-content\/uploads\/usu2230\/2025\/07\/Imatge-de-WhatsApp-2025-07-10-a-les-18.20.54_242d6c29-1152x1536.jpg 1152w\" sizes=\"auto, (max-width: 1200px) 100vw, 1200px\" \/><\/p>\n","protected":false},"excerpt":{"rendered":"<p>Que cada projecte acabi amb un gran repte no \u00e9s gens senzill. Requereix d&#8217;un proc\u00e9s de connexi\u00f3 entre les persones i l&#8217;entorn que no pot ser for\u00e7at. L&#8217;assemblea de delegats de la ZER, que es reuneix mensualment els dijous, \u00e9s l&#8217;encarregada de vehicular idees i&hellip;  <a href=\"https:\/\/agora.xtec.cat\/zeremporda\/general\/un-petit-refugi-un-gran-repte\/\" title=\"Read Un petit refugi, un gran repte\">Llegeix m\u00e9s\u00bb<\/a><\/p>\n","protected":false},"author":1,"featured_media":1599,"comment_status":"open","ping_status":"open","sticky":false,"template":"","format":"standard","meta":{"_bbp_topic_count":0,"_bbp_reply_count":0,"_bbp_total_topic_count":0,"_bbp_total_reply_count":0,"_bbp_voice_count":0,"_bbp_anonymous_reply_count":0,"_bbp_topic_count_hidden":0,"_bbp_reply_count_hidden":0,"_bbp_forum_subforum_count":0,"footnotes":""},"categories":[145,1],"tags":[],"class_list":["post-1595","post","type-post","status-publish","format-standard","has-post-thumbnail","hentry","category-curs-24-25","category-general"],"post_mailing_queue_ids":[],"_links":{"self":[{"href":"https:\/\/agora.xtec.cat\/zeremporda\/wp-json\/wp\/v2\/posts\/1595","targetHints":{"allow":["GET"]}}],"collection":[{"href":"https:\/\/agora.xtec.cat\/zeremporda\/wp-json\/wp\/v2\/posts"}],"about":[{"href":"https:\/\/agora.xtec.cat\/zeremporda\/wp-json\/wp\/v2\/types\/post"}],"author":[{"embeddable":true,"href":"https:\/\/agora.xtec.cat\/zeremporda\/wp-json\/wp\/v2\/users\/1"}],"replies":[{"embeddable":true,"href":"https:\/\/agora.xtec.cat\/zeremporda\/wp-json\/wp\/v2\/comments?post=1595"}],"version-history":[{"count":1,"href":"https:\/\/agora.xtec.cat\/zeremporda\/wp-json\/wp\/v2\/posts\/1595\/revisions"}],"predecessor-version":[{"id":1598,"href":"https:\/\/agora.xtec.cat\/zeremporda\/wp-json\/wp\/v2\/posts\/1595\/revisions\/1598"}],"wp:featuredmedia":[{"embeddable":true,"href":"https:\/\/agora.xtec.cat\/zeremporda\/wp-json\/wp\/v2\/media\/1599"}],"wp:attachment":[{"href":"https:\/\/agora.xtec.cat\/zeremporda\/wp-json\/wp\/v2\/media?parent=1595"}],"wp:term":[{"taxonomy":"category","embeddable":true,"href":"https:\/\/agora.xtec.cat\/zeremporda\/wp-json\/wp\/v2\/categories?post=1595"},{"taxonomy":"post_tag","embeddable":true,"href":"https:\/\/agora.xtec.cat\/zeremporda\/wp-json\/wp\/v2\/tags?post=1595"}],"curies":[{"name":"wp","href":"https:\/\/api.w.org\/{rel}","templated":true}]}}