{"id":1589,"date":"2025-07-21T12:59:41","date_gmt":"2025-07-21T10:59:41","guid":{"rendered":"https:\/\/agora.xtec.cat\/zeremporda\/?p=1589"},"modified":"2025-07-21T13:02:19","modified_gmt":"2025-07-21T11:02:19","slug":"comunicar-per-compartir-posada-en-escena25","status":"publish","type":"post","link":"https:\/\/agora.xtec.cat\/zeremporda\/general\/comunicar-per-compartir-posada-en-escena25\/","title":{"rendered":"Comunicar per compartir! Posada en escena&#8217;25"},"content":{"rendered":"<p>Comunicar per compartir. Fer-ho amb multiplicitat de llenguatges. Amb la paraula. Amb el cos. Amb la imatge. Amb els objectes. Amb les emocions.<\/p>\n<p>Aix\u00ed \u00e9s la posada en escena de la ZER Empord\u00e0. Un espai i un temps que perdura en la mem\u00f2ria de tots aquells i aquelles amb qui ho vam compartir.<\/p>\n<p>Les imatges parlen per si soles! Mireu-les <a href=\"https:\/\/drive.google.com\/drive\/folders\/1pYOrzRIxiE70H5wjU_bWUqIaiHnaGhud?usp=drive_link\">AQU\u00cd<\/a>!<\/p>\n<p>I <a href=\"https:\/\/drive.google.com\/file\/d\/1tfBH0ANNFxEX8nEimz4_mRPrAFZUB0b9\/view?usp=drive_link\">AQU\u00cd<\/a> tamb\u00e9 teniu un v\u00eddeo resum!<\/p>\n<p><img loading=\"lazy\" decoding=\"async\" class=\"aligncenter size-full wp-image-1591\" src=\"https:\/\/agora.xtec.cat\/zeremporda\/wp-content\/uploads\/usu2230\/2025\/07\/IMG-20250606-WA0049.jpg\" alt=\"\" width=\"2048\" height=\"1536\" srcset=\"https:\/\/agora.xtec.cat\/zeremporda\/wp-content\/uploads\/usu2230\/2025\/07\/IMG-20250606-WA0049.jpg 2048w, https:\/\/agora.xtec.cat\/zeremporda\/wp-content\/uploads\/usu2230\/2025\/07\/IMG-20250606-WA0049-300x225.jpg 300w, https:\/\/agora.xtec.cat\/zeremporda\/wp-content\/uploads\/usu2230\/2025\/07\/IMG-20250606-WA0049-1024x768.jpg 1024w, https:\/\/agora.xtec.cat\/zeremporda\/wp-content\/uploads\/usu2230\/2025\/07\/IMG-20250606-WA0049-768x576.jpg 768w, https:\/\/agora.xtec.cat\/zeremporda\/wp-content\/uploads\/usu2230\/2025\/07\/IMG-20250606-WA0049-1536x1152.jpg 1536w, https:\/\/agora.xtec.cat\/zeremporda\/wp-content\/uploads\/usu2230\/2025\/07\/IMG-20250606-WA0049-200x150.jpg 200w\" sizes=\"auto, (max-width: 2048px) 100vw, 2048px\" \/><\/p>\n<p>El claustre de la ZER minuts abans de l&#8217;inici de l&#8217;acte!<\/p>\n","protected":false},"excerpt":{"rendered":"<p>Comunicar per compartir. Fer-ho amb multiplicitat de llenguatges. Amb la paraula. Amb el cos. Amb la imatge. Amb els objectes. Amb les emocions.<br \/>\nAix\u00ed \u00e9s la posada en escena de la ZER Empord\u00e0. Un espai i un temps que perdura en la mem\u00f2ria de tots aquells&hellip;  <a href=\"https:\/\/agora.xtec.cat\/zeremporda\/general\/comunicar-per-compartir-posada-en-escena25\/\" title=\"Read Comunicar per compartir! Posada en escena&#8217;25\">Llegeix m\u00e9s\u00bb<\/a><\/p>\n","protected":false},"author":1,"featured_media":1590,"comment_status":"open","ping_status":"open","sticky":false,"template":"","format":"standard","meta":{"_bbp_topic_count":0,"_bbp_reply_count":0,"_bbp_total_topic_count":0,"_bbp_total_reply_count":0,"_bbp_voice_count":0,"_bbp_anonymous_reply_count":0,"_bbp_topic_count_hidden":0,"_bbp_reply_count_hidden":0,"_bbp_forum_subforum_count":0,"footnotes":""},"categories":[145,1],"tags":[],"class_list":["post-1589","post","type-post","status-publish","format-standard","has-post-thumbnail","hentry","category-curs-24-25","category-general"],"post_mailing_queue_ids":[],"_links":{"self":[{"href":"https:\/\/agora.xtec.cat\/zeremporda\/wp-json\/wp\/v2\/posts\/1589","targetHints":{"allow":["GET"]}}],"collection":[{"href":"https:\/\/agora.xtec.cat\/zeremporda\/wp-json\/wp\/v2\/posts"}],"about":[{"href":"https:\/\/agora.xtec.cat\/zeremporda\/wp-json\/wp\/v2\/types\/post"}],"author":[{"embeddable":true,"href":"https:\/\/agora.xtec.cat\/zeremporda\/wp-json\/wp\/v2\/users\/1"}],"replies":[{"embeddable":true,"href":"https:\/\/agora.xtec.cat\/zeremporda\/wp-json\/wp\/v2\/comments?post=1589"}],"version-history":[{"count":2,"href":"https:\/\/agora.xtec.cat\/zeremporda\/wp-json\/wp\/v2\/posts\/1589\/revisions"}],"predecessor-version":[{"id":1594,"href":"https:\/\/agora.xtec.cat\/zeremporda\/wp-json\/wp\/v2\/posts\/1589\/revisions\/1594"}],"wp:featuredmedia":[{"embeddable":true,"href":"https:\/\/agora.xtec.cat\/zeremporda\/wp-json\/wp\/v2\/media\/1590"}],"wp:attachment":[{"href":"https:\/\/agora.xtec.cat\/zeremporda\/wp-json\/wp\/v2\/media?parent=1589"}],"wp:term":[{"taxonomy":"category","embeddable":true,"href":"https:\/\/agora.xtec.cat\/zeremporda\/wp-json\/wp\/v2\/categories?post=1589"},{"taxonomy":"post_tag","embeddable":true,"href":"https:\/\/agora.xtec.cat\/zeremporda\/wp-json\/wp\/v2\/tags?post=1589"}],"curies":[{"name":"wp","href":"https:\/\/api.w.org\/{rel}","templated":true}]}}