{"id":1585,"date":"2025-07-21T12:48:18","date_gmt":"2025-07-21T10:48:18","guid":{"rendered":"https:\/\/agora.xtec.cat\/zeremporda\/?p=1585"},"modified":"2025-07-21T12:48:56","modified_gmt":"2025-07-21T10:48:56","slug":"refugis-un-habitar-collectiu","status":"publish","type":"post","link":"https:\/\/agora.xtec.cat\/zeremporda\/general\/refugis-un-habitar-collectiu\/","title":{"rendered":"Refugis, un habitar col\u00b7lectiu."},"content":{"rendered":"<p>La posada en escena \u00e9s una oportunitat de mostrar el projecte creant un context comunicatiu d&#8217;alt valor social pels infants.<\/p>\n<p>Triar b\u00e9 quin \u00e9s l&#8217;itinerari narratiu que volem mostrar a partir de totes les experi\u00e8ncies i aprenentatges viscuts, no \u00e9s senzill, per aix\u00f2 ens guiem per una \u00fanica pregunta: Qu\u00e8 volem dir a la nostra comunitat educativa?<\/p>\n<p>Enguany ho ten\u00edem clar. Despr\u00e9s d&#8217;un curs investigant qu\u00e8 \u00e9s un bon refugi, vol\u00edem dir a les fam\u00edlies i a tota la comunitat educativa, que refugi som tots i totes!<\/p>\n<p><img loading=\"lazy\" decoding=\"async\" class=\"aligncenter size-full wp-image-1586\" src=\"https:\/\/agora.xtec.cat\/zeremporda\/wp-content\/uploads\/usu2230\/2025\/07\/Captura-de-pantalla-2025-07-21-124438.jpg\" alt=\"\" width=\"835\" height=\"643\" srcset=\"https:\/\/agora.xtec.cat\/zeremporda\/wp-content\/uploads\/usu2230\/2025\/07\/Captura-de-pantalla-2025-07-21-124438.jpg 835w, https:\/\/agora.xtec.cat\/zeremporda\/wp-content\/uploads\/usu2230\/2025\/07\/Captura-de-pantalla-2025-07-21-124438-300x231.jpg 300w, https:\/\/agora.xtec.cat\/zeremporda\/wp-content\/uploads\/usu2230\/2025\/07\/Captura-de-pantalla-2025-07-21-124438-768x591.jpg 768w\" sizes=\"auto, (max-width: 835px) 100vw, 835px\" \/> <img loading=\"lazy\" decoding=\"async\" class=\"aligncenter size-full wp-image-1587\" src=\"https:\/\/agora.xtec.cat\/zeremporda\/wp-content\/uploads\/usu2230\/2025\/07\/Captura-de-pantalla-2025-07-21-124416.jpg\" alt=\"\" width=\"835\" height=\"646\" srcset=\"https:\/\/agora.xtec.cat\/zeremporda\/wp-content\/uploads\/usu2230\/2025\/07\/Captura-de-pantalla-2025-07-21-124416.jpg 835w, https:\/\/agora.xtec.cat\/zeremporda\/wp-content\/uploads\/usu2230\/2025\/07\/Captura-de-pantalla-2025-07-21-124416-300x232.jpg 300w, https:\/\/agora.xtec.cat\/zeremporda\/wp-content\/uploads\/usu2230\/2025\/07\/Captura-de-pantalla-2025-07-21-124416-768x594.jpg 768w\" sizes=\"auto, (max-width: 835px) 100vw, 835px\" \/><\/p>\n","protected":false},"excerpt":{"rendered":"<p>La posada en escena \u00e9s una oportunitat de mostrar el projecte creant un context comunicatiu d&#8217;alt valor social pels infants.<br \/>\nTriar b\u00e9 quin \u00e9s l&#8217;itinerari narratiu que volem mostrar a partir de totes les experi\u00e8ncies i aprenentatges viscuts, no \u00e9s senzill, per aix\u00f2 ens guiem per&hellip;  <a href=\"https:\/\/agora.xtec.cat\/zeremporda\/general\/refugis-un-habitar-collectiu\/\" title=\"Read Refugis, un habitar col\u00b7lectiu.\">Llegeix m\u00e9s\u00bb<\/a><\/p>\n","protected":false},"author":1,"featured_media":1586,"comment_status":"open","ping_status":"open","sticky":false,"template":"","format":"standard","meta":{"_bbp_topic_count":0,"_bbp_reply_count":0,"_bbp_total_topic_count":0,"_bbp_total_reply_count":0,"_bbp_voice_count":0,"_bbp_anonymous_reply_count":0,"_bbp_topic_count_hidden":0,"_bbp_reply_count_hidden":0,"_bbp_forum_subforum_count":0,"footnotes":""},"categories":[145,1],"tags":[],"class_list":["post-1585","post","type-post","status-publish","format-standard","has-post-thumbnail","hentry","category-curs-24-25","category-general"],"post_mailing_queue_ids":[],"_links":{"self":[{"href":"https:\/\/agora.xtec.cat\/zeremporda\/wp-json\/wp\/v2\/posts\/1585","targetHints":{"allow":["GET"]}}],"collection":[{"href":"https:\/\/agora.xtec.cat\/zeremporda\/wp-json\/wp\/v2\/posts"}],"about":[{"href":"https:\/\/agora.xtec.cat\/zeremporda\/wp-json\/wp\/v2\/types\/post"}],"author":[{"embeddable":true,"href":"https:\/\/agora.xtec.cat\/zeremporda\/wp-json\/wp\/v2\/users\/1"}],"replies":[{"embeddable":true,"href":"https:\/\/agora.xtec.cat\/zeremporda\/wp-json\/wp\/v2\/comments?post=1585"}],"version-history":[{"count":1,"href":"https:\/\/agora.xtec.cat\/zeremporda\/wp-json\/wp\/v2\/posts\/1585\/revisions"}],"predecessor-version":[{"id":1588,"href":"https:\/\/agora.xtec.cat\/zeremporda\/wp-json\/wp\/v2\/posts\/1585\/revisions\/1588"}],"wp:featuredmedia":[{"embeddable":true,"href":"https:\/\/agora.xtec.cat\/zeremporda\/wp-json\/wp\/v2\/media\/1586"}],"wp:attachment":[{"href":"https:\/\/agora.xtec.cat\/zeremporda\/wp-json\/wp\/v2\/media?parent=1585"}],"wp:term":[{"taxonomy":"category","embeddable":true,"href":"https:\/\/agora.xtec.cat\/zeremporda\/wp-json\/wp\/v2\/categories?post=1585"},{"taxonomy":"post_tag","embeddable":true,"href":"https:\/\/agora.xtec.cat\/zeremporda\/wp-json\/wp\/v2\/tags?post=1585"}],"curies":[{"name":"wp","href":"https:\/\/api.w.org\/{rel}","templated":true}]}}