{"id":1576,"date":"2025-07-21T12:42:16","date_gmt":"2025-07-21T10:42:16","guid":{"rendered":"https:\/\/agora.xtec.cat\/zeremporda\/?p=1576"},"modified":"2025-07-21T12:42:16","modified_gmt":"2025-07-21T10:42:16","slug":"el-llibret-els-nostres-pobles-refugis-de-vida","status":"publish","type":"post","link":"https:\/\/agora.xtec.cat\/zeremporda\/general\/el-llibret-els-nostres-pobles-refugis-de-vida\/","title":{"rendered":"El llibret: Els nostres pobles, refugis de vida"},"content":{"rendered":"<div>\n<div>\n<div>\n<p>Els alumnes han bolcat en aquest llibret una hist\u00f2ria viva i sentida pels habitants dels pobles de l\u2019Empord\u00e0. Cada entrevista ens ha acostat m\u00e9s a les cases i als ve\u00efns i ve\u00efnes. Recordar an\u00e8cdotes, ensenyar-nos objectes, estones a la sala d\u2019estar observant fotografies antigues, i fent-ne de recents. Tot un privilegi per detallar com els pobles es poden convertir refugis de vida pels seus ciutadans.<\/p>\n<p>L&#8217;experi\u00e8ncia ha estat vertaderament transformadora en tots els sentits, i gr\u00e0cies a la col\u00b7laboraci\u00f3 d&#8217;Adrinoc hem pogut imprimir-ne 400 exemplars que atresoren les emocions, les paraules i els testimonis de tot plegat.<\/p>\n<p>Aqu\u00ed podeu llegir la <a href=\"https:\/\/www.canva.com\/design\/DAGlwTkiUcA\/xYBagV4_9GLE5A39hXb_GQ\/view?utm_content=DAGlwTkiUcA&amp;utm_campaign=designshare&amp;utm_medium=link2&amp;utm_source=uniquelinks&amp;utlId=h2c09a55da3\">versi\u00f3 digital<\/a>.<\/p>\n<p><img loading=\"lazy\" decoding=\"async\" class=\"aligncenter size-full wp-image-1582\" src=\"https:\/\/agora.xtec.cat\/zeremporda\/wp-content\/uploads\/usu2230\/2025\/07\/Captura-de-pantalla-2025-07-21-123749.jpg\" alt=\"\" width=\"904\" height=\"607\" srcset=\"https:\/\/agora.xtec.cat\/zeremporda\/wp-content\/uploads\/usu2230\/2025\/07\/Captura-de-pantalla-2025-07-21-123749.jpg 904w, https:\/\/agora.xtec.cat\/zeremporda\/wp-content\/uploads\/usu2230\/2025\/07\/Captura-de-pantalla-2025-07-21-123749-300x201.jpg 300w, https:\/\/agora.xtec.cat\/zeremporda\/wp-content\/uploads\/usu2230\/2025\/07\/Captura-de-pantalla-2025-07-21-123749-768x516.jpg 768w\" sizes=\"auto, (max-width: 904px) 100vw, 904px\" \/><img loading=\"lazy\" decoding=\"async\" class=\"aligncenter size-full wp-image-1583\" src=\"https:\/\/agora.xtec.cat\/zeremporda\/wp-content\/uploads\/usu2230\/2025\/07\/Captura-de-pantalla-2025-07-21-124007.jpg\" alt=\"\" width=\"828\" height=\"606\" srcset=\"https:\/\/agora.xtec.cat\/zeremporda\/wp-content\/uploads\/usu2230\/2025\/07\/Captura-de-pantalla-2025-07-21-124007.jpg 828w, https:\/\/agora.xtec.cat\/zeremporda\/wp-content\/uploads\/usu2230\/2025\/07\/Captura-de-pantalla-2025-07-21-124007-300x220.jpg 300w, https:\/\/agora.xtec.cat\/zeremporda\/wp-content\/uploads\/usu2230\/2025\/07\/Captura-de-pantalla-2025-07-21-124007-768x562.jpg 768w\" sizes=\"auto, (max-width: 828px) 100vw, 828px\" \/><\/p>\n<p><img loading=\"lazy\" decoding=\"async\" class=\"aligncenter size-full wp-image-1577\" src=\"https:\/\/agora.xtec.cat\/zeremporda\/wp-content\/uploads\/usu2230\/2025\/07\/WhatsApp-Image-2025-06-25-at-13.54.26-1-rotated.jpeg\" alt=\"\" width=\"1600\" height=\"1200\" srcset=\"https:\/\/agora.xtec.cat\/zeremporda\/wp-content\/uploads\/usu2230\/2025\/07\/WhatsApp-Image-2025-06-25-at-13.54.26-1-rotated.jpeg 1600w, https:\/\/agora.xtec.cat\/zeremporda\/wp-content\/uploads\/usu2230\/2025\/07\/WhatsApp-Image-2025-06-25-at-13.54.26-1-300x225.jpeg 300w, https:\/\/agora.xtec.cat\/zeremporda\/wp-content\/uploads\/usu2230\/2025\/07\/WhatsApp-Image-2025-06-25-at-13.54.26-1-1024x768.jpeg 1024w, https:\/\/agora.xtec.cat\/zeremporda\/wp-content\/uploads\/usu2230\/2025\/07\/WhatsApp-Image-2025-06-25-at-13.54.26-1-768x576.jpeg 768w, https:\/\/agora.xtec.cat\/zeremporda\/wp-content\/uploads\/usu2230\/2025\/07\/WhatsApp-Image-2025-06-25-at-13.54.26-1-1536x1152.jpeg 1536w, https:\/\/agora.xtec.cat\/zeremporda\/wp-content\/uploads\/usu2230\/2025\/07\/WhatsApp-Image-2025-06-25-at-13.54.26-1-200x150.jpeg 200w\" sizes=\"auto, (max-width: 1600px) 100vw, 1600px\" \/> <img loading=\"lazy\" decoding=\"async\" class=\"aligncenter size-full wp-image-1578\" src=\"https:\/\/agora.xtec.cat\/zeremporda\/wp-content\/uploads\/usu2230\/2025\/07\/Captura-de-pantalla-2025-07-21-122808.jpg\" alt=\"\" width=\"546\" height=\"730\" srcset=\"https:\/\/agora.xtec.cat\/zeremporda\/wp-content\/uploads\/usu2230\/2025\/07\/Captura-de-pantalla-2025-07-21-122808.jpg 546w, https:\/\/agora.xtec.cat\/zeremporda\/wp-content\/uploads\/usu2230\/2025\/07\/Captura-de-pantalla-2025-07-21-122808-224x300.jpg 224w\" sizes=\"auto, (max-width: 546px) 100vw, 546px\" \/> <img loading=\"lazy\" decoding=\"async\" class=\"aligncenter size-full wp-image-1579\" src=\"https:\/\/agora.xtec.cat\/zeremporda\/wp-content\/uploads\/usu2230\/2025\/07\/Captura-de-pantalla-2025-07-21-122739.jpg\" alt=\"\" width=\"972\" height=\"733\" srcset=\"https:\/\/agora.xtec.cat\/zeremporda\/wp-content\/uploads\/usu2230\/2025\/07\/Captura-de-pantalla-2025-07-21-122739.jpg 972w, https:\/\/agora.xtec.cat\/zeremporda\/wp-content\/uploads\/usu2230\/2025\/07\/Captura-de-pantalla-2025-07-21-122739-300x226.jpg 300w, https:\/\/agora.xtec.cat\/zeremporda\/wp-content\/uploads\/usu2230\/2025\/07\/Captura-de-pantalla-2025-07-21-122739-768x579.jpg 768w, https:\/\/agora.xtec.cat\/zeremporda\/wp-content\/uploads\/usu2230\/2025\/07\/Captura-de-pantalla-2025-07-21-122739-200x150.jpg 200w\" sizes=\"auto, (max-width: 972px) 100vw, 972px\" \/><\/p>\n<p><img loading=\"lazy\" decoding=\"async\" class=\"aligncenter size-full wp-image-1580\" src=\"https:\/\/agora.xtec.cat\/zeremporda\/wp-content\/uploads\/usu2230\/2025\/07\/Captura-de-pantalla-2025-07-21-123213.jpg\" alt=\"\" width=\"978\" height=\"733\" srcset=\"https:\/\/agora.xtec.cat\/zeremporda\/wp-content\/uploads\/usu2230\/2025\/07\/Captura-de-pantalla-2025-07-21-123213.jpg 978w, https:\/\/agora.xtec.cat\/zeremporda\/wp-content\/uploads\/usu2230\/2025\/07\/Captura-de-pantalla-2025-07-21-123213-300x225.jpg 300w, https:\/\/agora.xtec.cat\/zeremporda\/wp-content\/uploads\/usu2230\/2025\/07\/Captura-de-pantalla-2025-07-21-123213-768x576.jpg 768w, https:\/\/agora.xtec.cat\/zeremporda\/wp-content\/uploads\/usu2230\/2025\/07\/Captura-de-pantalla-2025-07-21-123213-200x150.jpg 200w\" sizes=\"auto, (max-width: 978px) 100vw, 978px\" \/> <img loading=\"lazy\" decoding=\"async\" class=\"aligncenter size-full wp-image-1581\" src=\"https:\/\/agora.xtec.cat\/zeremporda\/wp-content\/uploads\/usu2230\/2025\/07\/Captura-de-pantalla-2025-07-21-123113.jpg\" alt=\"\" width=\"993\" height=\"735\" srcset=\"https:\/\/agora.xtec.cat\/zeremporda\/wp-content\/uploads\/usu2230\/2025\/07\/Captura-de-pantalla-2025-07-21-123113.jpg 993w, https:\/\/agora.xtec.cat\/zeremporda\/wp-content\/uploads\/usu2230\/2025\/07\/Captura-de-pantalla-2025-07-21-123113-300x222.jpg 300w, https:\/\/agora.xtec.cat\/zeremporda\/wp-content\/uploads\/usu2230\/2025\/07\/Captura-de-pantalla-2025-07-21-123113-768x568.jpg 768w\" sizes=\"auto, (max-width: 993px) 100vw, 993px\" \/><\/p>\n<\/div>\n<\/div>\n<\/div>\n","protected":false},"excerpt":{"rendered":"<p>Els alumnes han bolcat en aquest llibret una hist\u00f2ria viva i sentida pels habitants dels pobles de l\u2019Empord\u00e0. Cada entrevista ens ha acostat m\u00e9s a les cases i als ve\u00efns i ve\u00efnes. Recordar an\u00e8cdotes, ensenyar-nos objectes, estones a la sala d\u2019estar observant fotografies antigues, i&hellip;  <a href=\"https:\/\/agora.xtec.cat\/zeremporda\/general\/el-llibret-els-nostres-pobles-refugis-de-vida\/\" title=\"Read El llibret: Els nostres pobles, refugis de vida\">Llegeix m\u00e9s\u00bb<\/a><\/p>\n","protected":false},"author":1,"featured_media":1582,"comment_status":"open","ping_status":"open","sticky":false,"template":"","format":"standard","meta":{"_bbp_topic_count":0,"_bbp_reply_count":0,"_bbp_total_topic_count":0,"_bbp_total_reply_count":0,"_bbp_voice_count":0,"_bbp_anonymous_reply_count":0,"_bbp_topic_count_hidden":0,"_bbp_reply_count_hidden":0,"_bbp_forum_subforum_count":0,"footnotes":""},"categories":[145,1],"tags":[],"class_list":["post-1576","post","type-post","status-publish","format-standard","has-post-thumbnail","hentry","category-curs-24-25","category-general"],"post_mailing_queue_ids":[],"_links":{"self":[{"href":"https:\/\/agora.xtec.cat\/zeremporda\/wp-json\/wp\/v2\/posts\/1576","targetHints":{"allow":["GET"]}}],"collection":[{"href":"https:\/\/agora.xtec.cat\/zeremporda\/wp-json\/wp\/v2\/posts"}],"about":[{"href":"https:\/\/agora.xtec.cat\/zeremporda\/wp-json\/wp\/v2\/types\/post"}],"author":[{"embeddable":true,"href":"https:\/\/agora.xtec.cat\/zeremporda\/wp-json\/wp\/v2\/users\/1"}],"replies":[{"embeddable":true,"href":"https:\/\/agora.xtec.cat\/zeremporda\/wp-json\/wp\/v2\/comments?post=1576"}],"version-history":[{"count":1,"href":"https:\/\/agora.xtec.cat\/zeremporda\/wp-json\/wp\/v2\/posts\/1576\/revisions"}],"predecessor-version":[{"id":1584,"href":"https:\/\/agora.xtec.cat\/zeremporda\/wp-json\/wp\/v2\/posts\/1576\/revisions\/1584"}],"wp:featuredmedia":[{"embeddable":true,"href":"https:\/\/agora.xtec.cat\/zeremporda\/wp-json\/wp\/v2\/media\/1582"}],"wp:attachment":[{"href":"https:\/\/agora.xtec.cat\/zeremporda\/wp-json\/wp\/v2\/media?parent=1576"}],"wp:term":[{"taxonomy":"category","embeddable":true,"href":"https:\/\/agora.xtec.cat\/zeremporda\/wp-json\/wp\/v2\/categories?post=1576"},{"taxonomy":"post_tag","embeddable":true,"href":"https:\/\/agora.xtec.cat\/zeremporda\/wp-json\/wp\/v2\/tags?post=1576"}],"curies":[{"name":"wp","href":"https:\/\/api.w.org\/{rel}","templated":true}]}}