{"id":1573,"date":"2025-07-21T12:20:17","date_gmt":"2025-07-21T10:20:17","guid":{"rendered":"https:\/\/agora.xtec.cat\/zeremporda\/?p=1573"},"modified":"2025-07-21T13:00:51","modified_gmt":"2025-07-21T11:00:51","slug":"refugis-de-vida-el-documental-que-ens-ha-ensenyat-a-mirar-i-escoltar","status":"publish","type":"post","link":"https:\/\/agora.xtec.cat\/zeremporda\/general\/refugis-de-vida-el-documental-que-ens-ha-ensenyat-a-mirar-i-escoltar\/","title":{"rendered":"Refugis de vida. El documental que ens ha ensenyat a mirar i escoltar."},"content":{"rendered":"<div>\n<p>Refugis de vida \u00e9s la pel\u00b7l\u00edcula documental creada pels alumnes de les comunitats de grans de la ZER Empord\u00e0. La pel\u00b7l\u00edcula, s\u2019ha fet en tres peces, permetent aix\u00ed, fer un retrat de proximitat de cadascun dels pobles de la ZER.<\/p>\n<\/div>\n<div>\n<p>L\u2019acompanyament de l\u2019Alba Bresol\u00ed i l\u2019Amat Vallmaj\u00f3, cineastes experts, ha perm\u00e8s als infants abordar el repte fent un aprenentatge profund del m\u00f3n audiovisual.<\/p>\n<\/div>\n<div>\n<p>Entre captures, visionats i planificacions, han anat teixit un vincle amb les persones i el territori que ser\u00e0 inesborrable.<\/p>\n<\/div>\n<div>\n<p>El documental es va presentar durant la Posada en escena, el 4 de juny a la Cate de Figueres.<\/p>\n<p>Podeu veure el documental <a href=\"https:\/\/drive.google.com\/file\/d\/15EF1CPFJB--OLpWYJvktkN6eseA9wfXR\/view?usp=drive_link\">AQU\u00cd<\/a>!<\/p>\n<p><img loading=\"lazy\" decoding=\"async\" class=\"aligncenter size-full wp-image-1574\" src=\"https:\/\/agora.xtec.cat\/zeremporda\/wp-content\/uploads\/usu2230\/2025\/07\/ESTRENA-DEL-DOCUMENTAL-REFUGIS-DE-VIDA-2.png\" alt=\"\" width=\"1080\" height=\"1080\" srcset=\"https:\/\/agora.xtec.cat\/zeremporda\/wp-content\/uploads\/usu2230\/2025\/07\/ESTRENA-DEL-DOCUMENTAL-REFUGIS-DE-VIDA-2.png 1080w, https:\/\/agora.xtec.cat\/zeremporda\/wp-content\/uploads\/usu2230\/2025\/07\/ESTRENA-DEL-DOCUMENTAL-REFUGIS-DE-VIDA-2-300x300.png 300w, https:\/\/agora.xtec.cat\/zeremporda\/wp-content\/uploads\/usu2230\/2025\/07\/ESTRENA-DEL-DOCUMENTAL-REFUGIS-DE-VIDA-2-1024x1024.png 1024w, https:\/\/agora.xtec.cat\/zeremporda\/wp-content\/uploads\/usu2230\/2025\/07\/ESTRENA-DEL-DOCUMENTAL-REFUGIS-DE-VIDA-2-150x150.png 150w, https:\/\/agora.xtec.cat\/zeremporda\/wp-content\/uploads\/usu2230\/2025\/07\/ESTRENA-DEL-DOCUMENTAL-REFUGIS-DE-VIDA-2-768x768.png 768w\" sizes=\"auto, (max-width: 1080px) 100vw, 1080px\" \/><\/p>\n<\/div>\n","protected":false},"excerpt":{"rendered":"<p>Refugis de vida \u00e9s la pel\u00b7l\u00edcula documental creada pels alumnes de les comunitats de grans de la ZER Empord\u00e0. La pel\u00b7l\u00edcula, s\u2019ha fet en tres peces, permetent aix\u00ed, fer un retrat de proximitat de cadascun dels pobles de la ZER.<\/p>\n<p>L\u2019acompanyament de l\u2019Alba Bresol\u00ed i l\u2019Amat&hellip;  <a href=\"https:\/\/agora.xtec.cat\/zeremporda\/general\/refugis-de-vida-el-documental-que-ens-ha-ensenyat-a-mirar-i-escoltar\/\" title=\"Read Refugis de vida. El documental que ens ha ensenyat a mirar i escoltar.\">Llegeix m\u00e9s\u00bb<\/a><\/p>\n","protected":false},"author":1,"featured_media":1574,"comment_status":"open","ping_status":"open","sticky":false,"template":"","format":"standard","meta":{"_bbp_topic_count":0,"_bbp_reply_count":0,"_bbp_total_topic_count":0,"_bbp_total_reply_count":0,"_bbp_voice_count":0,"_bbp_anonymous_reply_count":0,"_bbp_topic_count_hidden":0,"_bbp_reply_count_hidden":0,"_bbp_forum_subforum_count":0,"footnotes":""},"categories":[145,1],"tags":[],"class_list":["post-1573","post","type-post","status-publish","format-standard","has-post-thumbnail","hentry","category-curs-24-25","category-general"],"post_mailing_queue_ids":[],"_links":{"self":[{"href":"https:\/\/agora.xtec.cat\/zeremporda\/wp-json\/wp\/v2\/posts\/1573","targetHints":{"allow":["GET"]}}],"collection":[{"href":"https:\/\/agora.xtec.cat\/zeremporda\/wp-json\/wp\/v2\/posts"}],"about":[{"href":"https:\/\/agora.xtec.cat\/zeremporda\/wp-json\/wp\/v2\/types\/post"}],"author":[{"embeddable":true,"href":"https:\/\/agora.xtec.cat\/zeremporda\/wp-json\/wp\/v2\/users\/1"}],"replies":[{"embeddable":true,"href":"https:\/\/agora.xtec.cat\/zeremporda\/wp-json\/wp\/v2\/comments?post=1573"}],"version-history":[{"count":2,"href":"https:\/\/agora.xtec.cat\/zeremporda\/wp-json\/wp\/v2\/posts\/1573\/revisions"}],"predecessor-version":[{"id":1593,"href":"https:\/\/agora.xtec.cat\/zeremporda\/wp-json\/wp\/v2\/posts\/1573\/revisions\/1593"}],"wp:featuredmedia":[{"embeddable":true,"href":"https:\/\/agora.xtec.cat\/zeremporda\/wp-json\/wp\/v2\/media\/1574"}],"wp:attachment":[{"href":"https:\/\/agora.xtec.cat\/zeremporda\/wp-json\/wp\/v2\/media?parent=1573"}],"wp:term":[{"taxonomy":"category","embeddable":true,"href":"https:\/\/agora.xtec.cat\/zeremporda\/wp-json\/wp\/v2\/categories?post=1573"},{"taxonomy":"post_tag","embeddable":true,"href":"https:\/\/agora.xtec.cat\/zeremporda\/wp-json\/wp\/v2\/tags?post=1573"}],"curies":[{"name":"wp","href":"https:\/\/api.w.org\/{rel}","templated":true}]}}