{"id":1564,"date":"2025-07-21T12:14:40","date_gmt":"2025-07-21T10:14:40","guid":{"rendered":"https:\/\/agora.xtec.cat\/zeremporda\/?p=1564"},"modified":"2025-07-21T12:14:40","modified_gmt":"2025-07-21T10:14:40","slug":"cuirasses-una-nova-creacio-del-projecte-mirades","status":"publish","type":"post","link":"https:\/\/agora.xtec.cat\/zeremporda\/general\/cuirasses-una-nova-creacio-del-projecte-mirades\/","title":{"rendered":"Cuirasses, una nova creaci\u00f3 del projecte Mirades"},"content":{"rendered":"<div>\n<div>\n<div>\n<p><strong>Viure, sentir, reflexionar, crear, imaginar, construir, preguntar-se, fer i refer&#8230;<\/strong><\/p>\n<\/div>\n<div>\n<p>El projecte Mirades, cada curs ofereix un nou context de desenvolupament emocional i art\u00edstic on l\u2019infant s\u2019apropia del projecte des d\u2019una visi\u00f3 introspectiva i personal.<\/p>\n<\/div>\n<div>\n<p>Cuirasses \u00e9s la creaci\u00f3 art\u00edstica que ha ajudat als infants a aprofundir en la reflexi\u00f3 sobre el refugi personal, l\u2019amena\u00e7a de la p\u00e8rdua de benestar i el dreta a la protecci\u00f3.<\/p>\n<\/div>\n<div>\n<p>Per fer-ho, s\u2019ha tra\u00e7at un itinerari que ha transitat entre la visualitzaci\u00f3 del seu espai refugi, la creaci\u00f3 de refugis a partir de material no estructurat i finalment, la creaci\u00f3 d\u2019una pe\u00e7a art\u00edstica a partir de l\u2019obra de l\u2019artista C\u00e8lia Puerto.<\/p>\n<p><img loading=\"lazy\" decoding=\"async\" class=\"aligncenter size-full wp-image-1565\" src=\"https:\/\/agora.xtec.cat\/zeremporda\/wp-content\/uploads\/usu2230\/2025\/07\/Captura-de-pantalla-2025-07-21-121334.jpg\" alt=\"\" width=\"976\" height=\"736\" srcset=\"https:\/\/agora.xtec.cat\/zeremporda\/wp-content\/uploads\/usu2230\/2025\/07\/Captura-de-pantalla-2025-07-21-121334.jpg 976w, https:\/\/agora.xtec.cat\/zeremporda\/wp-content\/uploads\/usu2230\/2025\/07\/Captura-de-pantalla-2025-07-21-121334-300x226.jpg 300w, https:\/\/agora.xtec.cat\/zeremporda\/wp-content\/uploads\/usu2230\/2025\/07\/Captura-de-pantalla-2025-07-21-121334-768x579.jpg 768w, https:\/\/agora.xtec.cat\/zeremporda\/wp-content\/uploads\/usu2230\/2025\/07\/Captura-de-pantalla-2025-07-21-121334-200x150.jpg 200w\" sizes=\"auto, (max-width: 976px) 100vw, 976px\" \/> <img loading=\"lazy\" decoding=\"async\" class=\"aligncenter size-full wp-image-1566\" src=\"https:\/\/agora.xtec.cat\/zeremporda\/wp-content\/uploads\/usu2230\/2025\/07\/Captura-de-pantalla-2025-07-21-121310.jpg\" alt=\"\" width=\"973\" height=\"730\" srcset=\"https:\/\/agora.xtec.cat\/zeremporda\/wp-content\/uploads\/usu2230\/2025\/07\/Captura-de-pantalla-2025-07-21-121310.jpg 973w, https:\/\/agora.xtec.cat\/zeremporda\/wp-content\/uploads\/usu2230\/2025\/07\/Captura-de-pantalla-2025-07-21-121310-300x225.jpg 300w, https:\/\/agora.xtec.cat\/zeremporda\/wp-content\/uploads\/usu2230\/2025\/07\/Captura-de-pantalla-2025-07-21-121310-768x576.jpg 768w, https:\/\/agora.xtec.cat\/zeremporda\/wp-content\/uploads\/usu2230\/2025\/07\/Captura-de-pantalla-2025-07-21-121310-200x150.jpg 200w\" sizes=\"auto, (max-width: 973px) 100vw, 973px\" \/> <img loading=\"lazy\" decoding=\"async\" class=\"aligncenter size-full wp-image-1567\" src=\"https:\/\/agora.xtec.cat\/zeremporda\/wp-content\/uploads\/usu2230\/2025\/07\/Captura-de-pantalla-2025-07-21-121215.jpg\" alt=\"\" width=\"979\" height=\"733\" srcset=\"https:\/\/agora.xtec.cat\/zeremporda\/wp-content\/uploads\/usu2230\/2025\/07\/Captura-de-pantalla-2025-07-21-121215.jpg 979w, https:\/\/agora.xtec.cat\/zeremporda\/wp-content\/uploads\/usu2230\/2025\/07\/Captura-de-pantalla-2025-07-21-121215-300x225.jpg 300w, https:\/\/agora.xtec.cat\/zeremporda\/wp-content\/uploads\/usu2230\/2025\/07\/Captura-de-pantalla-2025-07-21-121215-768x575.jpg 768w, https:\/\/agora.xtec.cat\/zeremporda\/wp-content\/uploads\/usu2230\/2025\/07\/Captura-de-pantalla-2025-07-21-121215-200x150.jpg 200w\" sizes=\"auto, (max-width: 979px) 100vw, 979px\" \/> <img loading=\"lazy\" decoding=\"async\" class=\"aligncenter size-full wp-image-1568\" src=\"https:\/\/agora.xtec.cat\/zeremporda\/wp-content\/uploads\/usu2230\/2025\/07\/Captura-de-pantalla-2025-07-21-121145.jpg\" alt=\"\" width=\"970\" height=\"730\" srcset=\"https:\/\/agora.xtec.cat\/zeremporda\/wp-content\/uploads\/usu2230\/2025\/07\/Captura-de-pantalla-2025-07-21-121145.jpg 970w, https:\/\/agora.xtec.cat\/zeremporda\/wp-content\/uploads\/usu2230\/2025\/07\/Captura-de-pantalla-2025-07-21-121145-300x226.jpg 300w, https:\/\/agora.xtec.cat\/zeremporda\/wp-content\/uploads\/usu2230\/2025\/07\/Captura-de-pantalla-2025-07-21-121145-768x578.jpg 768w, https:\/\/agora.xtec.cat\/zeremporda\/wp-content\/uploads\/usu2230\/2025\/07\/Captura-de-pantalla-2025-07-21-121145-200x150.jpg 200w\" sizes=\"auto, (max-width: 970px) 100vw, 970px\" \/> <img loading=\"lazy\" decoding=\"async\" class=\"aligncenter size-full wp-image-1569\" src=\"https:\/\/agora.xtec.cat\/zeremporda\/wp-content\/uploads\/usu2230\/2025\/07\/Captura-de-pantalla-2025-07-21-121120.jpg\" alt=\"\" width=\"979\" height=\"735\" srcset=\"https:\/\/agora.xtec.cat\/zeremporda\/wp-content\/uploads\/usu2230\/2025\/07\/Captura-de-pantalla-2025-07-21-121120.jpg 979w, https:\/\/agora.xtec.cat\/zeremporda\/wp-content\/uploads\/usu2230\/2025\/07\/Captura-de-pantalla-2025-07-21-121120-300x225.jpg 300w, https:\/\/agora.xtec.cat\/zeremporda\/wp-content\/uploads\/usu2230\/2025\/07\/Captura-de-pantalla-2025-07-21-121120-768x577.jpg 768w, https:\/\/agora.xtec.cat\/zeremporda\/wp-content\/uploads\/usu2230\/2025\/07\/Captura-de-pantalla-2025-07-21-121120-200x150.jpg 200w\" sizes=\"auto, (max-width: 979px) 100vw, 979px\" \/> <img loading=\"lazy\" decoding=\"async\" class=\"aligncenter size-full wp-image-1570\" src=\"https:\/\/agora.xtec.cat\/zeremporda\/wp-content\/uploads\/usu2230\/2025\/07\/Captura-de-pantalla-2025-07-21-121059.jpg\" alt=\"\" width=\"549\" height=\"736\" srcset=\"https:\/\/agora.xtec.cat\/zeremporda\/wp-content\/uploads\/usu2230\/2025\/07\/Captura-de-pantalla-2025-07-21-121059.jpg 549w, https:\/\/agora.xtec.cat\/zeremporda\/wp-content\/uploads\/usu2230\/2025\/07\/Captura-de-pantalla-2025-07-21-121059-224x300.jpg 224w\" sizes=\"auto, (max-width: 549px) 100vw, 549px\" \/> <img loading=\"lazy\" decoding=\"async\" class=\"aligncenter size-full wp-image-1571\" src=\"https:\/\/agora.xtec.cat\/zeremporda\/wp-content\/uploads\/usu2230\/2025\/07\/Captura-de-pantalla-2025-07-21-121017.jpg\" alt=\"\" width=\"976\" height=\"738\" srcset=\"https:\/\/agora.xtec.cat\/zeremporda\/wp-content\/uploads\/usu2230\/2025\/07\/Captura-de-pantalla-2025-07-21-121017.jpg 976w, https:\/\/agora.xtec.cat\/zeremporda\/wp-content\/uploads\/usu2230\/2025\/07\/Captura-de-pantalla-2025-07-21-121017-300x227.jpg 300w, https:\/\/agora.xtec.cat\/zeremporda\/wp-content\/uploads\/usu2230\/2025\/07\/Captura-de-pantalla-2025-07-21-121017-768x581.jpg 768w, https:\/\/agora.xtec.cat\/zeremporda\/wp-content\/uploads\/usu2230\/2025\/07\/Captura-de-pantalla-2025-07-21-121017-200x150.jpg 200w\" sizes=\"auto, (max-width: 976px) 100vw, 976px\" \/><\/p>\n<\/div>\n<\/div>\n<\/div>\n","protected":false},"excerpt":{"rendered":"<p>Viure, sentir, reflexionar, crear, imaginar, construir, preguntar-se, fer i refer&#8230;<\/p>\n<p>El projecte Mirades, cada curs ofereix un nou context de desenvolupament emocional i art\u00edstic on l\u2019infant s\u2019apropia del projecte des d\u2019una visi\u00f3 introspectiva i personal.<\/p>\n<p>Cuirasses \u00e9s la creaci\u00f3 art\u00edstica que ha ajudat als infants a aprofundir&hellip;  <a href=\"https:\/\/agora.xtec.cat\/zeremporda\/general\/cuirasses-una-nova-creacio-del-projecte-mirades\/\" title=\"Read Cuirasses, una nova creaci\u00f3 del projecte Mirades\">Llegeix m\u00e9s\u00bb<\/a><\/p>\n","protected":false},"author":1,"featured_media":1571,"comment_status":"open","ping_status":"open","sticky":false,"template":"","format":"standard","meta":{"_bbp_topic_count":0,"_bbp_reply_count":0,"_bbp_total_topic_count":0,"_bbp_total_reply_count":0,"_bbp_voice_count":0,"_bbp_anonymous_reply_count":0,"_bbp_topic_count_hidden":0,"_bbp_reply_count_hidden":0,"_bbp_forum_subforum_count":0,"footnotes":""},"categories":[145,1],"tags":[],"class_list":["post-1564","post","type-post","status-publish","format-standard","has-post-thumbnail","hentry","category-curs-24-25","category-general"],"post_mailing_queue_ids":[],"_links":{"self":[{"href":"https:\/\/agora.xtec.cat\/zeremporda\/wp-json\/wp\/v2\/posts\/1564","targetHints":{"allow":["GET"]}}],"collection":[{"href":"https:\/\/agora.xtec.cat\/zeremporda\/wp-json\/wp\/v2\/posts"}],"about":[{"href":"https:\/\/agora.xtec.cat\/zeremporda\/wp-json\/wp\/v2\/types\/post"}],"author":[{"embeddable":true,"href":"https:\/\/agora.xtec.cat\/zeremporda\/wp-json\/wp\/v2\/users\/1"}],"replies":[{"embeddable":true,"href":"https:\/\/agora.xtec.cat\/zeremporda\/wp-json\/wp\/v2\/comments?post=1564"}],"version-history":[{"count":1,"href":"https:\/\/agora.xtec.cat\/zeremporda\/wp-json\/wp\/v2\/posts\/1564\/revisions"}],"predecessor-version":[{"id":1572,"href":"https:\/\/agora.xtec.cat\/zeremporda\/wp-json\/wp\/v2\/posts\/1564\/revisions\/1572"}],"wp:featuredmedia":[{"embeddable":true,"href":"https:\/\/agora.xtec.cat\/zeremporda\/wp-json\/wp\/v2\/media\/1571"}],"wp:attachment":[{"href":"https:\/\/agora.xtec.cat\/zeremporda\/wp-json\/wp\/v2\/media?parent=1564"}],"wp:term":[{"taxonomy":"category","embeddable":true,"href":"https:\/\/agora.xtec.cat\/zeremporda\/wp-json\/wp\/v2\/categories?post=1564"},{"taxonomy":"post_tag","embeddable":true,"href":"https:\/\/agora.xtec.cat\/zeremporda\/wp-json\/wp\/v2\/tags?post=1564"}],"curies":[{"name":"wp","href":"https:\/\/api.w.org\/{rel}","templated":true}]}}