{"id":1553,"date":"2025-07-21T12:03:41","date_gmt":"2025-07-21T10:03:41","guid":{"rendered":"https:\/\/agora.xtec.cat\/zeremporda\/?p=1553"},"modified":"2025-07-21T12:03:41","modified_gmt":"2025-07-21T10:03:41","slug":"que-fa-que-els-nostres-pobles-siguin-refugi-eas-2","status":"publish","type":"post","link":"https:\/\/agora.xtec.cat\/zeremporda\/general\/que-fa-que-els-nostres-pobles-siguin-refugi-eas-2\/","title":{"rendered":"Qu\u00e8 fa que els nostres pobles siguin refugi? EAS 2"},"content":{"rendered":"<p><span style=\"font-weight: 400;\">La segona experi\u00e8ncia d\u2019aprenentatge amb sentit del curs ens ha fet posar en valor els nostres pobles i entendre\u2019ls com a refugis de la comunitat.\u00a0<\/span><\/p>\n<p><span style=\"font-weight: 400;\">Fixant-se en les caracter\u00edstiques principals de casa seva, tant des d\u2019un punt de vista t\u00e8cnic com des d\u2019un punt de vista emocional i de sensacions, els infants han identificat com \u00e9s la seva casa i qu\u00e8 fa que sigui una llar.\u00a0<\/span><\/p>\n<p><span style=\"font-weight: 400;\">Per altra banda, els infants de les diferents comunitats han recorregut pam a pam els carrers dels 5 pobles de la ZER per con\u00e8ixer de primera m\u00e0 la hist\u00f2ria i els trets m\u00e9s caracter\u00edstics de cada municipi. El contacte directe amb els ve\u00efns i les ve\u00efnes, ja sigui per carta, mitjan\u00e7ant entrevistes en directe o consultant fonts hist\u00f2riques, els ha perm\u00e8s descobrir diferents realitats que conviuen i han conviscut al poble, la hist\u00f2ria de diferents cases, tant del passat com del present, i els ha fet plantejar-se quin \u00e9s futur que desitgen pel seu poble.\u00a0<\/span><\/p>\n<p><span style=\"font-weight: 400;\">Els m\u00e9s grans han pogut detectar que una de les realitats dels nostres pobles \u00e9s que hi ha habitatges que estan buits i algunes s\u2019estan deteriorant. Mitjan\u00e7ant un petit projecte d\u2019arquitectura, han pogut imaginar quin \u00e9s el futur que voldrien per aquestes edificacions de manera que siguin un valor pel poble i rehabilitant-les d\u2019una manera sostenible i respectuosa amb el medi.\u00a0<\/span><\/p>\n<p><img loading=\"lazy\" decoding=\"async\" class=\"aligncenter size-full wp-image-1554\" src=\"https:\/\/agora.xtec.cat\/zeremporda\/wp-content\/uploads\/usu2230\/2025\/07\/Copia-de-PXL_20250227_152500413-scaled.jpg\" alt=\"\" width=\"1928\" height=\"2560\" srcset=\"https:\/\/agora.xtec.cat\/zeremporda\/wp-content\/uploads\/usu2230\/2025\/07\/Copia-de-PXL_20250227_152500413-scaled.jpg 1928w, https:\/\/agora.xtec.cat\/zeremporda\/wp-content\/uploads\/usu2230\/2025\/07\/Copia-de-PXL_20250227_152500413-226x300.jpg 226w, https:\/\/agora.xtec.cat\/zeremporda\/wp-content\/uploads\/usu2230\/2025\/07\/Copia-de-PXL_20250227_152500413-771x1024.jpg 771w, https:\/\/agora.xtec.cat\/zeremporda\/wp-content\/uploads\/usu2230\/2025\/07\/Copia-de-PXL_20250227_152500413-768x1020.jpg 768w, https:\/\/agora.xtec.cat\/zeremporda\/wp-content\/uploads\/usu2230\/2025\/07\/Copia-de-PXL_20250227_152500413-1157x1536.jpg 1157w, https:\/\/agora.xtec.cat\/zeremporda\/wp-content\/uploads\/usu2230\/2025\/07\/Copia-de-PXL_20250227_152500413-1542x2048.jpg 1542w\" sizes=\"auto, (max-width: 1928px) 100vw, 1928px\" \/> <img loading=\"lazy\" decoding=\"async\" class=\"aligncenter size-full wp-image-1555\" src=\"https:\/\/agora.xtec.cat\/zeremporda\/wp-content\/uploads\/usu2230\/2025\/07\/Captura-de-pantalla-2025-07-21-120214.jpg\" alt=\"\" width=\"540\" height=\"715\" srcset=\"https:\/\/agora.xtec.cat\/zeremporda\/wp-content\/uploads\/usu2230\/2025\/07\/Captura-de-pantalla-2025-07-21-120214.jpg 540w, https:\/\/agora.xtec.cat\/zeremporda\/wp-content\/uploads\/usu2230\/2025\/07\/Captura-de-pantalla-2025-07-21-120214-227x300.jpg 227w\" sizes=\"auto, (max-width: 540px) 100vw, 540px\" \/> <img loading=\"lazy\" decoding=\"async\" class=\"aligncenter size-full wp-image-1556\" src=\"https:\/\/agora.xtec.cat\/zeremporda\/wp-content\/uploads\/usu2230\/2025\/07\/Captura-de-pantalla-2025-07-21-120143.jpg\" alt=\"\" width=\"976\" height=\"730\" srcset=\"https:\/\/agora.xtec.cat\/zeremporda\/wp-content\/uploads\/usu2230\/2025\/07\/Captura-de-pantalla-2025-07-21-120143.jpg 976w, https:\/\/agora.xtec.cat\/zeremporda\/wp-content\/uploads\/usu2230\/2025\/07\/Captura-de-pantalla-2025-07-21-120143-300x224.jpg 300w, https:\/\/agora.xtec.cat\/zeremporda\/wp-content\/uploads\/usu2230\/2025\/07\/Captura-de-pantalla-2025-07-21-120143-768x574.jpg 768w, https:\/\/agora.xtec.cat\/zeremporda\/wp-content\/uploads\/usu2230\/2025\/07\/Captura-de-pantalla-2025-07-21-120143-200x150.jpg 200w\" sizes=\"auto, (max-width: 976px) 100vw, 976px\" \/> <img loading=\"lazy\" decoding=\"async\" class=\"aligncenter size-full wp-image-1557\" src=\"https:\/\/agora.xtec.cat\/zeremporda\/wp-content\/uploads\/usu2230\/2025\/07\/Captura-de-pantalla-2025-07-21-120113.jpg\" alt=\"\" width=\"547\" height=\"733\" srcset=\"https:\/\/agora.xtec.cat\/zeremporda\/wp-content\/uploads\/usu2230\/2025\/07\/Captura-de-pantalla-2025-07-21-120113.jpg 547w, https:\/\/agora.xtec.cat\/zeremporda\/wp-content\/uploads\/usu2230\/2025\/07\/Captura-de-pantalla-2025-07-21-120113-224x300.jpg 224w\" sizes=\"auto, (max-width: 547px) 100vw, 547px\" \/> <img loading=\"lazy\" decoding=\"async\" class=\"aligncenter size-full wp-image-1558\" src=\"https:\/\/agora.xtec.cat\/zeremporda\/wp-content\/uploads\/usu2230\/2025\/07\/Captura-de-pantalla-2025-07-21-120038.jpg\" alt=\"\" width=\"1297\" height=\"732\" srcset=\"https:\/\/agora.xtec.cat\/zeremporda\/wp-content\/uploads\/usu2230\/2025\/07\/Captura-de-pantalla-2025-07-21-120038.jpg 1297w, https:\/\/agora.xtec.cat\/zeremporda\/wp-content\/uploads\/usu2230\/2025\/07\/Captura-de-pantalla-2025-07-21-120038-300x169.jpg 300w, https:\/\/agora.xtec.cat\/zeremporda\/wp-content\/uploads\/usu2230\/2025\/07\/Captura-de-pantalla-2025-07-21-120038-1024x578.jpg 1024w, https:\/\/agora.xtec.cat\/zeremporda\/wp-content\/uploads\/usu2230\/2025\/07\/Captura-de-pantalla-2025-07-21-120038-768x433.jpg 768w\" sizes=\"auto, (max-width: 1297px) 100vw, 1297px\" \/> <img loading=\"lazy\" decoding=\"async\" class=\"aligncenter size-full wp-image-1559\" src=\"https:\/\/agora.xtec.cat\/zeremporda\/wp-content\/uploads\/usu2230\/2025\/07\/Captura-de-pantalla-2025-07-21-115958.jpg\" alt=\"\" width=\"1300\" height=\"733\" srcset=\"https:\/\/agora.xtec.cat\/zeremporda\/wp-content\/uploads\/usu2230\/2025\/07\/Captura-de-pantalla-2025-07-21-115958.jpg 1300w, https:\/\/agora.xtec.cat\/zeremporda\/wp-content\/uploads\/usu2230\/2025\/07\/Captura-de-pantalla-2025-07-21-115958-300x169.jpg 300w, https:\/\/agora.xtec.cat\/zeremporda\/wp-content\/uploads\/usu2230\/2025\/07\/Captura-de-pantalla-2025-07-21-115958-1024x577.jpg 1024w, https:\/\/agora.xtec.cat\/zeremporda\/wp-content\/uploads\/usu2230\/2025\/07\/Captura-de-pantalla-2025-07-21-115958-768x433.jpg 768w\" sizes=\"auto, (max-width: 1300px) 100vw, 1300px\" \/> <img loading=\"lazy\" decoding=\"async\" class=\"aligncenter size-full wp-image-1560\" src=\"https:\/\/agora.xtec.cat\/zeremporda\/wp-content\/uploads\/usu2230\/2025\/07\/Captura-de-pantalla-2025-07-21-115915.jpg\" alt=\"\" width=\"505\" height=\"711\" srcset=\"https:\/\/agora.xtec.cat\/zeremporda\/wp-content\/uploads\/usu2230\/2025\/07\/Captura-de-pantalla-2025-07-21-115915.jpg 505w, https:\/\/agora.xtec.cat\/zeremporda\/wp-content\/uploads\/usu2230\/2025\/07\/Captura-de-pantalla-2025-07-21-115915-213x300.jpg 213w\" sizes=\"auto, (max-width: 505px) 100vw, 505px\" \/> <img loading=\"lazy\" decoding=\"async\" class=\"aligncenter size-full wp-image-1561\" src=\"https:\/\/agora.xtec.cat\/zeremporda\/wp-content\/uploads\/usu2230\/2025\/07\/Captura-de-pantalla-2025-07-21-115856.jpg\" alt=\"\" width=\"975\" height=\"727\" srcset=\"https:\/\/agora.xtec.cat\/zeremporda\/wp-content\/uploads\/usu2230\/2025\/07\/Captura-de-pantalla-2025-07-21-115856.jpg 975w, https:\/\/agora.xtec.cat\/zeremporda\/wp-content\/uploads\/usu2230\/2025\/07\/Captura-de-pantalla-2025-07-21-115856-300x224.jpg 300w, https:\/\/agora.xtec.cat\/zeremporda\/wp-content\/uploads\/usu2230\/2025\/07\/Captura-de-pantalla-2025-07-21-115856-768x573.jpg 768w, https:\/\/agora.xtec.cat\/zeremporda\/wp-content\/uploads\/usu2230\/2025\/07\/Captura-de-pantalla-2025-07-21-115856-200x150.jpg 200w\" sizes=\"auto, (max-width: 975px) 100vw, 975px\" \/> <img loading=\"lazy\" decoding=\"async\" class=\"aligncenter size-full wp-image-1562\" src=\"https:\/\/agora.xtec.cat\/zeremporda\/wp-content\/uploads\/usu2230\/2025\/07\/Captura-de-pantalla-2025-07-21-115836.jpg\" alt=\"\" width=\"841\" height=\"505\" srcset=\"https:\/\/agora.xtec.cat\/zeremporda\/wp-content\/uploads\/usu2230\/2025\/07\/Captura-de-pantalla-2025-07-21-115836.jpg 841w, https:\/\/agora.xtec.cat\/zeremporda\/wp-content\/uploads\/usu2230\/2025\/07\/Captura-de-pantalla-2025-07-21-115836-300x180.jpg 300w, https:\/\/agora.xtec.cat\/zeremporda\/wp-content\/uploads\/usu2230\/2025\/07\/Captura-de-pantalla-2025-07-21-115836-768x461.jpg 768w\" sizes=\"auto, (max-width: 841px) 100vw, 841px\" \/><\/p>\n","protected":false},"excerpt":{"rendered":"<p>La segona experi\u00e8ncia d\u2019aprenentatge amb sentit del curs ens ha fet posar en valor els nostres pobles i entendre\u2019ls com a refugis de la comunitat.\u00a0<br \/>\nFixant-se en les caracter\u00edstiques principals de casa seva, tant des d\u2019un punt de vista t\u00e8cnic com des d\u2019un punt de vista&hellip;  <a href=\"https:\/\/agora.xtec.cat\/zeremporda\/general\/que-fa-que-els-nostres-pobles-siguin-refugi-eas-2\/\" title=\"Read Qu\u00e8 fa que els nostres pobles siguin refugi? EAS 2\">Llegeix m\u00e9s\u00bb<\/a><\/p>\n","protected":false},"author":1,"featured_media":1556,"comment_status":"open","ping_status":"open","sticky":false,"template":"","format":"standard","meta":{"_bbp_topic_count":0,"_bbp_reply_count":0,"_bbp_total_topic_count":0,"_bbp_total_reply_count":0,"_bbp_voice_count":0,"_bbp_anonymous_reply_count":0,"_bbp_topic_count_hidden":0,"_bbp_reply_count_hidden":0,"_bbp_forum_subforum_count":0,"footnotes":""},"categories":[145,1],"tags":[],"class_list":["post-1553","post","type-post","status-publish","format-standard","has-post-thumbnail","hentry","category-curs-24-25","category-general"],"post_mailing_queue_ids":[],"_links":{"self":[{"href":"https:\/\/agora.xtec.cat\/zeremporda\/wp-json\/wp\/v2\/posts\/1553","targetHints":{"allow":["GET"]}}],"collection":[{"href":"https:\/\/agora.xtec.cat\/zeremporda\/wp-json\/wp\/v2\/posts"}],"about":[{"href":"https:\/\/agora.xtec.cat\/zeremporda\/wp-json\/wp\/v2\/types\/post"}],"author":[{"embeddable":true,"href":"https:\/\/agora.xtec.cat\/zeremporda\/wp-json\/wp\/v2\/users\/1"}],"replies":[{"embeddable":true,"href":"https:\/\/agora.xtec.cat\/zeremporda\/wp-json\/wp\/v2\/comments?post=1553"}],"version-history":[{"count":1,"href":"https:\/\/agora.xtec.cat\/zeremporda\/wp-json\/wp\/v2\/posts\/1553\/revisions"}],"predecessor-version":[{"id":1563,"href":"https:\/\/agora.xtec.cat\/zeremporda\/wp-json\/wp\/v2\/posts\/1553\/revisions\/1563"}],"wp:featuredmedia":[{"embeddable":true,"href":"https:\/\/agora.xtec.cat\/zeremporda\/wp-json\/wp\/v2\/media\/1556"}],"wp:attachment":[{"href":"https:\/\/agora.xtec.cat\/zeremporda\/wp-json\/wp\/v2\/media?parent=1553"}],"wp:term":[{"taxonomy":"category","embeddable":true,"href":"https:\/\/agora.xtec.cat\/zeremporda\/wp-json\/wp\/v2\/categories?post=1553"},{"taxonomy":"post_tag","embeddable":true,"href":"https:\/\/agora.xtec.cat\/zeremporda\/wp-json\/wp\/v2\/tags?post=1553"}],"curies":[{"name":"wp","href":"https:\/\/api.w.org\/{rel}","templated":true}]}}