{"id":1551,"date":"2025-07-21T11:54:15","date_gmt":"2025-07-21T09:54:15","guid":{"rendered":"https:\/\/agora.xtec.cat\/zeremporda\/?p=1551"},"modified":"2025-07-21T11:54:15","modified_gmt":"2025-07-21T09:54:15","slug":"els-primers-refugis-una-mirada-als-origens-comenca-la-2a-eas","status":"publish","type":"post","link":"https:\/\/agora.xtec.cat\/zeremporda\/general\/els-primers-refugis-una-mirada-als-origens-comenca-la-2a-eas\/","title":{"rendered":"Els primers refugis, una mirada als or\u00edgens. Comen\u00e7a la 2a EAS!"},"content":{"rendered":"<div>\n<p>Abans que les cases tinguessin parets de ma\u00f3, finestres de vidre o teulades de teula, els humans ja buscaven llocs per viure, per protegir-se, per compartir. Eren temps en qu\u00e8 calia aixoplugar-se del fred, de la pluja, dels animals, per\u00f2 tamb\u00e9 crear espais on cr\u00e9ixer, dormir i conviure. Els primers refugis van ser molt m\u00e9s que simples estructures: van ser les primeres llars, els primers nius de vida humana.<\/p>\n<\/div>\n<div>\n<p>A la vora de l\u2019estany de Banyoles, al Parc Neol\u00edtic de la Draga, hem pogut con\u00e8ixer de prop com eren aquells habitatges que es van construir fa m\u00e9s de 7.000 anys. Fets de fusta, fibres vegetals, terra i canyes, aquests refugis eren senzills per\u00f2 plens d\u2019intel\u00b7lig\u00e8ncia. Tot es feia amb el que es tenia a m\u00e0, amb respecte per la natura i adaptant-se al territori.<\/p>\n<\/div>\n<div>\n<p>A trav\u00e9s de les visites i activitats al jaciment de la Draga, hem apr\u00e8s que aquells primers humans no nom\u00e9s buscaven un lloc per dormir, sin\u00f3 un espai per viure en comunitat. Hi cuinaven, hi treballaven, cuidaven dels infants i s&#8217;organitzaven per sobreviure. Cada refugi explica una hist\u00f2ria de cooperaci\u00f3, d&#8217;enginy, de connexi\u00f3 amb l&#8217;entorn.<\/p>\n<\/div>\n<div>\n<p>Aquest viatge al passat ens ha ajudat a entendre que habitar un lloc no \u00e9s nom\u00e9s construir parets, sin\u00f3 crear un espai on sentir-se segur, acollit i acompanyat. I avui, despr\u00e9s de mil\u00b7lennis, encara busquem aix\u00f2 mateix.<\/p>\n<p><img loading=\"lazy\" decoding=\"async\" class=\"aligncenter size-full wp-image-1543\" src=\"https:\/\/agora.xtec.cat\/zeremporda\/wp-content\/uploads\/usu2230\/2025\/07\/Captura-de-pantalla-2025-07-21-114054.jpg\" alt=\"\" width=\"967\" height=\"733\" srcset=\"https:\/\/agora.xtec.cat\/zeremporda\/wp-content\/uploads\/usu2230\/2025\/07\/Captura-de-pantalla-2025-07-21-114054.jpg 967w, https:\/\/agora.xtec.cat\/zeremporda\/wp-content\/uploads\/usu2230\/2025\/07\/Captura-de-pantalla-2025-07-21-114054-300x227.jpg 300w, https:\/\/agora.xtec.cat\/zeremporda\/wp-content\/uploads\/usu2230\/2025\/07\/Captura-de-pantalla-2025-07-21-114054-768x582.jpg 768w\" sizes=\"auto, (max-width: 967px) 100vw, 967px\" \/> <img loading=\"lazy\" decoding=\"async\" class=\"aligncenter size-full wp-image-1541\" src=\"https:\/\/agora.xtec.cat\/zeremporda\/wp-content\/uploads\/usu2230\/2025\/07\/Captura-de-pantalla-2025-07-21-114122.jpg\" alt=\"\" width=\"547\" height=\"730\" srcset=\"https:\/\/agora.xtec.cat\/zeremporda\/wp-content\/uploads\/usu2230\/2025\/07\/Captura-de-pantalla-2025-07-21-114122.jpg 547w, https:\/\/agora.xtec.cat\/zeremporda\/wp-content\/uploads\/usu2230\/2025\/07\/Captura-de-pantalla-2025-07-21-114122-225x300.jpg 225w\" sizes=\"auto, (max-width: 547px) 100vw, 547px\" \/><\/p>\n<\/div>\n","protected":false},"excerpt":{"rendered":"<p>Abans que les cases tinguessin parets de ma\u00f3, finestres de vidre o teulades de teula, els humans ja buscaven llocs per viure, per protegir-se, per compartir. Eren temps en qu\u00e8 calia aixoplugar-se del fred, de la pluja, dels animals, per\u00f2 tamb\u00e9 crear espais on cr\u00e9ixer,&hellip;  <a href=\"https:\/\/agora.xtec.cat\/zeremporda\/general\/els-primers-refugis-una-mirada-als-origens-comenca-la-2a-eas\/\" title=\"Read Els primers refugis, una mirada als or\u00edgens. Comen\u00e7a la 2a EAS!\">Llegeix m\u00e9s\u00bb<\/a><\/p>\n","protected":false},"author":1,"featured_media":1541,"comment_status":"open","ping_status":"open","sticky":false,"template":"","format":"standard","meta":{"_bbp_topic_count":0,"_bbp_reply_count":0,"_bbp_total_topic_count":0,"_bbp_total_reply_count":0,"_bbp_voice_count":0,"_bbp_anonymous_reply_count":0,"_bbp_topic_count_hidden":0,"_bbp_reply_count_hidden":0,"_bbp_forum_subforum_count":0,"footnotes":""},"categories":[145,1],"tags":[],"class_list":["post-1551","post","type-post","status-publish","format-standard","has-post-thumbnail","hentry","category-curs-24-25","category-general"],"post_mailing_queue_ids":[],"_links":{"self":[{"href":"https:\/\/agora.xtec.cat\/zeremporda\/wp-json\/wp\/v2\/posts\/1551","targetHints":{"allow":["GET"]}}],"collection":[{"href":"https:\/\/agora.xtec.cat\/zeremporda\/wp-json\/wp\/v2\/posts"}],"about":[{"href":"https:\/\/agora.xtec.cat\/zeremporda\/wp-json\/wp\/v2\/types\/post"}],"author":[{"embeddable":true,"href":"https:\/\/agora.xtec.cat\/zeremporda\/wp-json\/wp\/v2\/users\/1"}],"replies":[{"embeddable":true,"href":"https:\/\/agora.xtec.cat\/zeremporda\/wp-json\/wp\/v2\/comments?post=1551"}],"version-history":[{"count":1,"href":"https:\/\/agora.xtec.cat\/zeremporda\/wp-json\/wp\/v2\/posts\/1551\/revisions"}],"predecessor-version":[{"id":1552,"href":"https:\/\/agora.xtec.cat\/zeremporda\/wp-json\/wp\/v2\/posts\/1551\/revisions\/1552"}],"wp:featuredmedia":[{"embeddable":true,"href":"https:\/\/agora.xtec.cat\/zeremporda\/wp-json\/wp\/v2\/media\/1541"}],"wp:attachment":[{"href":"https:\/\/agora.xtec.cat\/zeremporda\/wp-json\/wp\/v2\/media?parent=1551"}],"wp:term":[{"taxonomy":"category","embeddable":true,"href":"https:\/\/agora.xtec.cat\/zeremporda\/wp-json\/wp\/v2\/categories?post=1551"},{"taxonomy":"post_tag","embeddable":true,"href":"https:\/\/agora.xtec.cat\/zeremporda\/wp-json\/wp\/v2\/tags?post=1551"}],"curies":[{"name":"wp","href":"https:\/\/api.w.org\/{rel}","templated":true}]}}