{"id":1545,"date":"2025-07-21T11:50:25","date_gmt":"2025-07-21T09:50:25","guid":{"rendered":"https:\/\/agora.xtec.cat\/zeremporda\/?p=1545"},"modified":"2025-07-21T11:50:25","modified_gmt":"2025-07-21T09:50:25","slug":"les-comunicacions-obertes","status":"publish","type":"post","link":"https:\/\/agora.xtec.cat\/zeremporda\/general\/les-comunicacions-obertes\/","title":{"rendered":"Les comunicacions obertes"},"content":{"rendered":"<p><span style=\"font-weight: 400;\">Les comunicacions obertes es realitzen en cadascuna de les nostres escoles de la ZER. Esdev\u00e9 un espai de vincle amb la comuinitat on fam\u00edlies i gent del poble poden gaudir de l\u2019expertesa dels alumnes sobre el primer EAS. Tamb\u00e9 \u00e9s una proposta educativa on els alumnes poden desenvolupar estrat\u00e8gies d\u2019oralitat i comunicaci\u00f3 dels aprenentatges adquirits.\u00a0<\/span><\/p>\n<p><span style=\"font-weight: 400;\">Durant el mes de desembre els alumnes de cada comunitat preparen un itinerari comunicatiu on explicar i donar a con\u00e8ixer les investigacions i resultats del projecte entorn d\u2019enguany. Aquest any, duranta el projecte refugis, els alumnes han exposat com ha canviat la demografia al seu poble, tot ressaltant hist\u00f2ries de ve\u00efns i ve\u00efnes i les seves migracions. En el cas de la comunitat de mitjans han donat a con\u00e8ixer quines s\u00f3n les aus migrat\u00f2ries que passen pels nostres pobles. I finalment la comunitat dels m\u00e9s petits han exposat la com els pastors fan la transhum\u00e0ncia.<\/span><\/p>\n<p><img loading=\"lazy\" decoding=\"async\" class=\"aligncenter size-full wp-image-1546\" src=\"https:\/\/agora.xtec.cat\/zeremporda\/wp-content\/uploads\/usu2230\/2025\/07\/WhatsApp-Image-2025-06-25-at-13.46.57-2.jpeg\" alt=\"\" width=\"1600\" height=\"1200\" srcset=\"https:\/\/agora.xtec.cat\/zeremporda\/wp-content\/uploads\/usu2230\/2025\/07\/WhatsApp-Image-2025-06-25-at-13.46.57-2.jpeg 1600w, https:\/\/agora.xtec.cat\/zeremporda\/wp-content\/uploads\/usu2230\/2025\/07\/WhatsApp-Image-2025-06-25-at-13.46.57-2-300x225.jpeg 300w, https:\/\/agora.xtec.cat\/zeremporda\/wp-content\/uploads\/usu2230\/2025\/07\/WhatsApp-Image-2025-06-25-at-13.46.57-2-1024x768.jpeg 1024w, https:\/\/agora.xtec.cat\/zeremporda\/wp-content\/uploads\/usu2230\/2025\/07\/WhatsApp-Image-2025-06-25-at-13.46.57-2-768x576.jpeg 768w, https:\/\/agora.xtec.cat\/zeremporda\/wp-content\/uploads\/usu2230\/2025\/07\/WhatsApp-Image-2025-06-25-at-13.46.57-2-1536x1152.jpeg 1536w, https:\/\/agora.xtec.cat\/zeremporda\/wp-content\/uploads\/usu2230\/2025\/07\/WhatsApp-Image-2025-06-25-at-13.46.57-2-200x150.jpeg 200w\" sizes=\"auto, (max-width: 1600px) 100vw, 1600px\" \/> <img loading=\"lazy\" decoding=\"async\" class=\"aligncenter size-full wp-image-1547\" src=\"https:\/\/agora.xtec.cat\/zeremporda\/wp-content\/uploads\/usu2230\/2025\/07\/62a67f4a-bdcc-4b2b-91a2-f25f0ca2c627.jpg\" alt=\"\" width=\"2048\" height=\"1536\" srcset=\"https:\/\/agora.xtec.cat\/zeremporda\/wp-content\/uploads\/usu2230\/2025\/07\/62a67f4a-bdcc-4b2b-91a2-f25f0ca2c627.jpg 2048w, https:\/\/agora.xtec.cat\/zeremporda\/wp-content\/uploads\/usu2230\/2025\/07\/62a67f4a-bdcc-4b2b-91a2-f25f0ca2c627-300x225.jpg 300w, https:\/\/agora.xtec.cat\/zeremporda\/wp-content\/uploads\/usu2230\/2025\/07\/62a67f4a-bdcc-4b2b-91a2-f25f0ca2c627-1024x768.jpg 1024w, https:\/\/agora.xtec.cat\/zeremporda\/wp-content\/uploads\/usu2230\/2025\/07\/62a67f4a-bdcc-4b2b-91a2-f25f0ca2c627-768x576.jpg 768w, https:\/\/agora.xtec.cat\/zeremporda\/wp-content\/uploads\/usu2230\/2025\/07\/62a67f4a-bdcc-4b2b-91a2-f25f0ca2c627-1536x1152.jpg 1536w, https:\/\/agora.xtec.cat\/zeremporda\/wp-content\/uploads\/usu2230\/2025\/07\/62a67f4a-bdcc-4b2b-91a2-f25f0ca2c627-200x150.jpg 200w\" sizes=\"auto, (max-width: 2048px) 100vw, 2048px\" \/><\/p>\n<figure class=\"figure wp-caption aligncenter\"><img loading=\"lazy\" decoding=\"async\" class=\"size-full wp-image-1548\" src=\"https:\/\/agora.xtec.cat\/zeremporda\/wp-content\/uploads\/usu2230\/2025\/07\/IMG_20241217_105312-scaled.jpg\" alt=\"\" width=\"2514\" height=\"2560\" srcset=\"https:\/\/agora.xtec.cat\/zeremporda\/wp-content\/uploads\/usu2230\/2025\/07\/IMG_20241217_105312-scaled.jpg 2514w, https:\/\/agora.xtec.cat\/zeremporda\/wp-content\/uploads\/usu2230\/2025\/07\/IMG_20241217_105312-295x300.jpg 295w, https:\/\/agora.xtec.cat\/zeremporda\/wp-content\/uploads\/usu2230\/2025\/07\/IMG_20241217_105312-1006x1024.jpg 1006w, https:\/\/agora.xtec.cat\/zeremporda\/wp-content\/uploads\/usu2230\/2025\/07\/IMG_20241217_105312-768x782.jpg 768w, https:\/\/agora.xtec.cat\/zeremporda\/wp-content\/uploads\/usu2230\/2025\/07\/IMG_20241217_105312-1509x1536.jpg 1509w, https:\/\/agora.xtec.cat\/zeremporda\/wp-content\/uploads\/usu2230\/2025\/07\/IMG_20241217_105312-2012x2048.jpg 2012w\" sizes=\"auto, (max-width: 2514px) 100vw, 2514px\" \/><figcaption class=\"wp-caption-text\">???????????????????????????????????????????????????????????????????????????????????????????????????????????????????????????????????????????????????????????????????????????????????????????????????????????????????????????????????????????????????????????????????<\/figcaption><\/figure>\n<p><img loading=\"lazy\" decoding=\"async\" class=\"aligncenter size-full wp-image-1549\" src=\"https:\/\/agora.xtec.cat\/zeremporda\/wp-content\/uploads\/usu2230\/2025\/07\/Captura-de-pantalla-2025-07-21-114930.jpg\" alt=\"\" width=\"823\" height=\"619\" srcset=\"https:\/\/agora.xtec.cat\/zeremporda\/wp-content\/uploads\/usu2230\/2025\/07\/Captura-de-pantalla-2025-07-21-114930.jpg 823w, https:\/\/agora.xtec.cat\/zeremporda\/wp-content\/uploads\/usu2230\/2025\/07\/Captura-de-pantalla-2025-07-21-114930-300x226.jpg 300w, https:\/\/agora.xtec.cat\/zeremporda\/wp-content\/uploads\/usu2230\/2025\/07\/Captura-de-pantalla-2025-07-21-114930-768x578.jpg 768w, https:\/\/agora.xtec.cat\/zeremporda\/wp-content\/uploads\/usu2230\/2025\/07\/Captura-de-pantalla-2025-07-21-114930-200x150.jpg 200w\" sizes=\"auto, (max-width: 823px) 100vw, 823px\" \/><\/p>\n","protected":false},"excerpt":{"rendered":"<p>Les comunicacions obertes es realitzen en cadascuna de les nostres escoles de la ZER. Esdev\u00e9 un espai de vincle amb la comuinitat on fam\u00edlies i gent del poble poden gaudir de l\u2019expertesa dels alumnes sobre el primer EAS. Tamb\u00e9 \u00e9s una proposta educativa on els&hellip;  <a href=\"https:\/\/agora.xtec.cat\/zeremporda\/general\/les-comunicacions-obertes\/\" title=\"Read Les comunicacions obertes\">Llegeix m\u00e9s\u00bb<\/a><\/p>\n","protected":false},"author":1,"featured_media":1546,"comment_status":"open","ping_status":"open","sticky":false,"template":"","format":"standard","meta":{"_bbp_topic_count":0,"_bbp_reply_count":0,"_bbp_total_topic_count":0,"_bbp_total_reply_count":0,"_bbp_voice_count":0,"_bbp_anonymous_reply_count":0,"_bbp_topic_count_hidden":0,"_bbp_reply_count_hidden":0,"_bbp_forum_subforum_count":0,"footnotes":""},"categories":[145,1],"tags":[],"class_list":["post-1545","post","type-post","status-publish","format-standard","has-post-thumbnail","hentry","category-curs-24-25","category-general"],"post_mailing_queue_ids":[],"_links":{"self":[{"href":"https:\/\/agora.xtec.cat\/zeremporda\/wp-json\/wp\/v2\/posts\/1545","targetHints":{"allow":["GET"]}}],"collection":[{"href":"https:\/\/agora.xtec.cat\/zeremporda\/wp-json\/wp\/v2\/posts"}],"about":[{"href":"https:\/\/agora.xtec.cat\/zeremporda\/wp-json\/wp\/v2\/types\/post"}],"author":[{"embeddable":true,"href":"https:\/\/agora.xtec.cat\/zeremporda\/wp-json\/wp\/v2\/users\/1"}],"replies":[{"embeddable":true,"href":"https:\/\/agora.xtec.cat\/zeremporda\/wp-json\/wp\/v2\/comments?post=1545"}],"version-history":[{"count":1,"href":"https:\/\/agora.xtec.cat\/zeremporda\/wp-json\/wp\/v2\/posts\/1545\/revisions"}],"predecessor-version":[{"id":1550,"href":"https:\/\/agora.xtec.cat\/zeremporda\/wp-json\/wp\/v2\/posts\/1545\/revisions\/1550"}],"wp:featuredmedia":[{"embeddable":true,"href":"https:\/\/agora.xtec.cat\/zeremporda\/wp-json\/wp\/v2\/media\/1546"}],"wp:attachment":[{"href":"https:\/\/agora.xtec.cat\/zeremporda\/wp-json\/wp\/v2\/media?parent=1545"}],"wp:term":[{"taxonomy":"category","embeddable":true,"href":"https:\/\/agora.xtec.cat\/zeremporda\/wp-json\/wp\/v2\/categories?post=1545"},{"taxonomy":"post_tag","embeddable":true,"href":"https:\/\/agora.xtec.cat\/zeremporda\/wp-json\/wp\/v2\/tags?post=1545"}],"curies":[{"name":"wp","href":"https:\/\/api.w.org\/{rel}","templated":true}]}}