{"id":1535,"date":"2025-07-21T10:59:30","date_gmt":"2025-07-21T08:59:30","guid":{"rendered":"https:\/\/agora.xtec.cat\/zeremporda\/?p=1535"},"modified":"2025-07-21T10:59:30","modified_gmt":"2025-07-21T08:59:30","slug":"emporda-zer24-la-revista-de-la-zer","status":"publish","type":"post","link":"https:\/\/agora.xtec.cat\/zeremporda\/general\/emporda-zer24-la-revista-de-la-zer\/","title":{"rendered":"Empord\u00e0 ZER&#8217;24: La revista de la ZER"},"content":{"rendered":"<p><span style=\"font-weight: 400;\">Durant el primer trimestre del curs 2024-2025, l\u2019alumnat de la ZER Empord\u00e0 va treballar de valent per crear una nova edici\u00f3 d\u2019una revista molt especial. Cadascuna de les comunitats va elaborar articles, not\u00edcies, entrevistes i relats sobre els moviments migratoris i la demografia als nostres pobles, emmarcat dins el projecte refugis: des de migracions i exilis fins a la transhum\u00e0ncia i les migracions de les aus. <\/span><\/p>\n<p><span style=\"font-weight: 400;\">Aquest projecte interdisciplinari ha perm\u00e8s aprofundir en les causes i conseq\u00fc\u00e8ncies dels despla\u00e7aments, tant humans com animals, fomentant la reflexi\u00f3 i l\u2019esperit cr\u00edtic. A finals de trimestre, la revista ha estat editada de forma personalitzada per a cadascuna de les escoles i compartida amb tota la comunitat educativa, convertint-se en un mirall del comprom\u00eds i la creativitat de tots els infants. Una gran feina col\u00b7lectiva que ha donat veu a hist\u00f2ries de moviment i transformaci\u00f3.<\/span><\/p>\n<p>Tot seguit, podeu llegir les revistes de cada escola:<\/p>\n<ul>\n<li><a href=\"https:\/\/www.canva.com\/design\/DAGVpBmA8aM\/FohpC9DiAvuhSbCjA4s7wg\/view?utm_content=DAGVpBmA8aM&amp;utm_campaign=designshare&amp;utm_medium=link2&amp;utm_source=uniquelinks&amp;utlId=h8df62c1cb2\">Revista de l&#8217;escola de Cistella<\/a><\/li>\n<li><a href=\"https:\/\/www.canva.com\/design\/DAGVo78EXeU\/Jpxgx3r45W7j6q2TCPzG2Q\/view?utm_content=DAGVo78EXeU&amp;utm_campaign=designshare&amp;utm_medium=link2&amp;utm_source=uniquelinks&amp;utlId=ha6646f3f3e\">Revista de l&#8217;escola de Garrig\u00e0s<\/a><\/li>\n<li><a href=\"https:\/\/www.canva.com\/design\/DAGVpBLHCcQ\/4Nkryo9OJfxc_BN83a9pqQ\/view?utm_content=DAGVpBLHCcQ&amp;utm_campaign=designshare&amp;utm_medium=link2&amp;utm_source=uniquelinks&amp;utlId=h7a1a2677e0\">Revista de l&#8217;escola de Palau de Santa Eul\u00e0lia<\/a><\/li>\n<li><a href=\"https:\/\/www.canva.com\/design\/DAGVofzKwBE\/1vONZkDCdI-bBxoXPeIWIQ\/view?utm_content=DAGVofzKwBE&amp;utm_campaign=designshare&amp;utm_medium=link2&amp;utm_source=uniquelinks&amp;utlId=h8199f240c6\">Revista de l&#8217;escola de Pont de Molins<\/a><\/li>\n<li><a href=\"https:\/\/www.canva.com\/design\/DAGVpNw8iJE\/gcM1uuYjlhNUy0h44D_RgA\/view?utm_content=DAGVpNw8iJE&amp;utm_campaign=designshare&amp;utm_medium=link2&amp;utm_source=uniquelinks&amp;utlId=h938909aa2e\">Revista de l&#8217;escola de Vilanant<\/a><\/li>\n<li><a href=\"https:\/\/www.canva.com\/design\/DAGYhspa1x4\/ZXjW9D3lzaxsRLbgq5tVAQ\/view?utm_content=DAGYhspa1x4&amp;utm_campaign=designshare&amp;utm_medium=link2&amp;utm_source=uniquelinks&amp;utlId=h6c3f77f0a1\">Revista versi\u00f3 completa 5 escoles<\/a><\/li>\n<\/ul>\n","protected":false},"excerpt":{"rendered":"<p>Durant el primer trimestre del curs 2024-2025, l\u2019alumnat de la ZER Empord\u00e0 va treballar de valent per crear una nova edici\u00f3 d\u2019una revista molt especial. Cadascuna de les comunitats va elaborar articles, not\u00edcies, entrevistes i relats sobre els moviments migratoris i la demografia als nostres&hellip;  <a href=\"https:\/\/agora.xtec.cat\/zeremporda\/general\/emporda-zer24-la-revista-de-la-zer\/\" title=\"Read Empord\u00e0 ZER&#8217;24: La revista de la ZER\">Llegeix m\u00e9s\u00bb<\/a><\/p>\n","protected":false},"author":1,"featured_media":1536,"comment_status":"open","ping_status":"open","sticky":false,"template":"","format":"standard","meta":{"_bbp_topic_count":0,"_bbp_reply_count":0,"_bbp_total_topic_count":0,"_bbp_total_reply_count":0,"_bbp_voice_count":0,"_bbp_anonymous_reply_count":0,"_bbp_topic_count_hidden":0,"_bbp_reply_count_hidden":0,"_bbp_forum_subforum_count":0,"footnotes":""},"categories":[145,1],"tags":[],"class_list":["post-1535","post","type-post","status-publish","format-standard","has-post-thumbnail","hentry","category-curs-24-25","category-general"],"post_mailing_queue_ids":[],"_links":{"self":[{"href":"https:\/\/agora.xtec.cat\/zeremporda\/wp-json\/wp\/v2\/posts\/1535","targetHints":{"allow":["GET"]}}],"collection":[{"href":"https:\/\/agora.xtec.cat\/zeremporda\/wp-json\/wp\/v2\/posts"}],"about":[{"href":"https:\/\/agora.xtec.cat\/zeremporda\/wp-json\/wp\/v2\/types\/post"}],"author":[{"embeddable":true,"href":"https:\/\/agora.xtec.cat\/zeremporda\/wp-json\/wp\/v2\/users\/1"}],"replies":[{"embeddable":true,"href":"https:\/\/agora.xtec.cat\/zeremporda\/wp-json\/wp\/v2\/comments?post=1535"}],"version-history":[{"count":1,"href":"https:\/\/agora.xtec.cat\/zeremporda\/wp-json\/wp\/v2\/posts\/1535\/revisions"}],"predecessor-version":[{"id":1537,"href":"https:\/\/agora.xtec.cat\/zeremporda\/wp-json\/wp\/v2\/posts\/1535\/revisions\/1537"}],"wp:featuredmedia":[{"embeddable":true,"href":"https:\/\/agora.xtec.cat\/zeremporda\/wp-json\/wp\/v2\/media\/1536"}],"wp:attachment":[{"href":"https:\/\/agora.xtec.cat\/zeremporda\/wp-json\/wp\/v2\/media?parent=1535"}],"wp:term":[{"taxonomy":"category","embeddable":true,"href":"https:\/\/agora.xtec.cat\/zeremporda\/wp-json\/wp\/v2\/categories?post=1535"},{"taxonomy":"post_tag","embeddable":true,"href":"https:\/\/agora.xtec.cat\/zeremporda\/wp-json\/wp\/v2\/tags?post=1535"}],"curies":[{"name":"wp","href":"https:\/\/api.w.org\/{rel}","templated":true}]}}