{"id":1527,"date":"2025-07-21T10:43:54","date_gmt":"2025-07-21T08:43:54","guid":{"rendered":"https:\/\/agora.xtec.cat\/zeremporda\/?p=1527"},"modified":"2025-07-21T10:43:54","modified_gmt":"2025-07-21T08:43:54","slug":"ruta-de-lexili-de-la-vajol-a-massanet","status":"publish","type":"post","link":"https:\/\/agora.xtec.cat\/zeremporda\/general\/ruta-de-lexili-de-la-vajol-a-massanet\/","title":{"rendered":"Ruta de l&#8217;exili: de la Vajol a Massanet"},"content":{"rendered":"<div>\n<div>\n<div>\n<p>Al final de la Guerra Civil, milers de persones van marxar a l\u2019exili travessant els Pirineus per diferents punts. Una de les rutes de l\u2019exili passava pel Coll de Lli, a La Vajol, el pas fronterer per on el 5 de febrer de 1939 tamb\u00e9 van exiliar-se Manuel Aza\u00f1a (President de la Rep\u00fablica) i Llu\u00eds Companys (President de la Generalitat).<\/p>\n<\/div>\n<div>\n<p>El 27 de novembre, la comunitat de grans de la ZER va rec\u00f3rrer un tram d\u2019aquesta ruta, amb l\u2019objectiu de trepitjar en persona aquests camins i entendre millor qu\u00e8 va representar per totes les persones que van marxar a l\u2019exili travessant els Pirineus.<\/p>\n<\/div>\n<div>\n<p>Ens van acompanyar els alumnes del Cicle Formatiu d\u2019Activitats d\u2019Esport i de Muntanya de l\u2019Institut Illa de Rodes. Ells i elles van ser els nostres guies durant tota la caminada i tamb\u00e9 ens van explicar dades rellevants a nivell hist\u00f2ric i natural.<\/p>\n<\/div>\n<div>\n<p>Con\u00e8ixer i entendre els fets hist\u00f2rics que han tingut lloc en el nostre entorn proper ens fa entendre el present i tenir una mirada cr\u00edtica cap al futur.<\/p>\n<p><img loading=\"lazy\" decoding=\"async\" class=\"aligncenter size-full wp-image-1528\" src=\"https:\/\/agora.xtec.cat\/zeremporda\/wp-content\/uploads\/usu2230\/2025\/07\/58a8b3ac-8c77-4152-866e-badfded3dfd5.jpg\" alt=\"\" width=\"1200\" height=\"1600\" srcset=\"https:\/\/agora.xtec.cat\/zeremporda\/wp-content\/uploads\/usu2230\/2025\/07\/58a8b3ac-8c77-4152-866e-badfded3dfd5.jpg 1200w, https:\/\/agora.xtec.cat\/zeremporda\/wp-content\/uploads\/usu2230\/2025\/07\/58a8b3ac-8c77-4152-866e-badfded3dfd5-225x300.jpg 225w, https:\/\/agora.xtec.cat\/zeremporda\/wp-content\/uploads\/usu2230\/2025\/07\/58a8b3ac-8c77-4152-866e-badfded3dfd5-768x1024.jpg 768w, https:\/\/agora.xtec.cat\/zeremporda\/wp-content\/uploads\/usu2230\/2025\/07\/58a8b3ac-8c77-4152-866e-badfded3dfd5-1152x1536.jpg 1152w\" sizes=\"auto, (max-width: 1200px) 100vw, 1200px\" \/> <img loading=\"lazy\" decoding=\"async\" class=\"aligncenter size-full wp-image-1529\" src=\"https:\/\/agora.xtec.cat\/zeremporda\/wp-content\/uploads\/usu2230\/2025\/07\/376e3079-6806-47f8-99f4-7d1099646751.jpg\" alt=\"\" width=\"1536\" height=\"2048\" srcset=\"https:\/\/agora.xtec.cat\/zeremporda\/wp-content\/uploads\/usu2230\/2025\/07\/376e3079-6806-47f8-99f4-7d1099646751.jpg 1536w, https:\/\/agora.xtec.cat\/zeremporda\/wp-content\/uploads\/usu2230\/2025\/07\/376e3079-6806-47f8-99f4-7d1099646751-225x300.jpg 225w, https:\/\/agora.xtec.cat\/zeremporda\/wp-content\/uploads\/usu2230\/2025\/07\/376e3079-6806-47f8-99f4-7d1099646751-768x1024.jpg 768w, https:\/\/agora.xtec.cat\/zeremporda\/wp-content\/uploads\/usu2230\/2025\/07\/376e3079-6806-47f8-99f4-7d1099646751-1152x1536.jpg 1152w\" sizes=\"auto, (max-width: 1536px) 100vw, 1536px\" \/> <img loading=\"lazy\" decoding=\"async\" class=\"aligncenter size-full wp-image-1532\" src=\"https:\/\/agora.xtec.cat\/zeremporda\/wp-content\/uploads\/usu2230\/2025\/07\/f43d04ab-d2df-44e5-bf0f-7d5d7fea58d9.jpg\" alt=\"\" width=\"2000\" height=\"1500\" srcset=\"https:\/\/agora.xtec.cat\/zeremporda\/wp-content\/uploads\/usu2230\/2025\/07\/f43d04ab-d2df-44e5-bf0f-7d5d7fea58d9.jpg 2000w, https:\/\/agora.xtec.cat\/zeremporda\/wp-content\/uploads\/usu2230\/2025\/07\/f43d04ab-d2df-44e5-bf0f-7d5d7fea58d9-300x225.jpg 300w, https:\/\/agora.xtec.cat\/zeremporda\/wp-content\/uploads\/usu2230\/2025\/07\/f43d04ab-d2df-44e5-bf0f-7d5d7fea58d9-1024x768.jpg 1024w, https:\/\/agora.xtec.cat\/zeremporda\/wp-content\/uploads\/usu2230\/2025\/07\/f43d04ab-d2df-44e5-bf0f-7d5d7fea58d9-768x576.jpg 768w, https:\/\/agora.xtec.cat\/zeremporda\/wp-content\/uploads\/usu2230\/2025\/07\/f43d04ab-d2df-44e5-bf0f-7d5d7fea58d9-1536x1152.jpg 1536w, https:\/\/agora.xtec.cat\/zeremporda\/wp-content\/uploads\/usu2230\/2025\/07\/f43d04ab-d2df-44e5-bf0f-7d5d7fea58d9-200x150.jpg 200w\" sizes=\"auto, (max-width: 2000px) 100vw, 2000px\" \/><\/p>\n<p><img loading=\"lazy\" decoding=\"async\" class=\"aligncenter size-full wp-image-1531\" src=\"https:\/\/agora.xtec.cat\/zeremporda\/wp-content\/uploads\/usu2230\/2025\/07\/20241127_214131-scaled.jpg\" alt=\"\" width=\"2560\" height=\"1547\" srcset=\"https:\/\/agora.xtec.cat\/zeremporda\/wp-content\/uploads\/usu2230\/2025\/07\/20241127_214131-scaled.jpg 2560w, https:\/\/agora.xtec.cat\/zeremporda\/wp-content\/uploads\/usu2230\/2025\/07\/20241127_214131-300x181.jpg 300w, https:\/\/agora.xtec.cat\/zeremporda\/wp-content\/uploads\/usu2230\/2025\/07\/20241127_214131-1024x619.jpg 1024w, https:\/\/agora.xtec.cat\/zeremporda\/wp-content\/uploads\/usu2230\/2025\/07\/20241127_214131-768x464.jpg 768w, https:\/\/agora.xtec.cat\/zeremporda\/wp-content\/uploads\/usu2230\/2025\/07\/20241127_214131-1536x928.jpg 1536w, https:\/\/agora.xtec.cat\/zeremporda\/wp-content\/uploads\/usu2230\/2025\/07\/20241127_214131-2048x1238.jpg 2048w\" sizes=\"auto, (max-width: 2560px) 100vw, 2560px\" \/><\/p>\n<\/div>\n<\/div>\n<\/div>\n","protected":false},"excerpt":{"rendered":"<p>Al final de la Guerra Civil, milers de persones van marxar a l\u2019exili travessant els Pirineus per diferents punts. Una de les rutes de l\u2019exili passava pel Coll de Lli, a La Vajol, el pas fronterer per on el 5 de febrer de 1939 tamb\u00e9&hellip;  <a href=\"https:\/\/agora.xtec.cat\/zeremporda\/general\/ruta-de-lexili-de-la-vajol-a-massanet\/\" title=\"Read Ruta de l&#8217;exili: de la Vajol a Massanet\">Llegeix m\u00e9s\u00bb<\/a><\/p>\n","protected":false},"author":1,"featured_media":1531,"comment_status":"open","ping_status":"open","sticky":false,"template":"","format":"standard","meta":{"_bbp_topic_count":0,"_bbp_reply_count":0,"_bbp_total_topic_count":0,"_bbp_total_reply_count":0,"_bbp_voice_count":0,"_bbp_anonymous_reply_count":0,"_bbp_topic_count_hidden":0,"_bbp_reply_count_hidden":0,"_bbp_forum_subforum_count":0,"footnotes":""},"categories":[145,1],"tags":[],"class_list":["post-1527","post","type-post","status-publish","format-standard","has-post-thumbnail","hentry","category-curs-24-25","category-general"],"post_mailing_queue_ids":[],"_links":{"self":[{"href":"https:\/\/agora.xtec.cat\/zeremporda\/wp-json\/wp\/v2\/posts\/1527","targetHints":{"allow":["GET"]}}],"collection":[{"href":"https:\/\/agora.xtec.cat\/zeremporda\/wp-json\/wp\/v2\/posts"}],"about":[{"href":"https:\/\/agora.xtec.cat\/zeremporda\/wp-json\/wp\/v2\/types\/post"}],"author":[{"embeddable":true,"href":"https:\/\/agora.xtec.cat\/zeremporda\/wp-json\/wp\/v2\/users\/1"}],"replies":[{"embeddable":true,"href":"https:\/\/agora.xtec.cat\/zeremporda\/wp-json\/wp\/v2\/comments?post=1527"}],"version-history":[{"count":1,"href":"https:\/\/agora.xtec.cat\/zeremporda\/wp-json\/wp\/v2\/posts\/1527\/revisions"}],"predecessor-version":[{"id":1533,"href":"https:\/\/agora.xtec.cat\/zeremporda\/wp-json\/wp\/v2\/posts\/1527\/revisions\/1533"}],"wp:featuredmedia":[{"embeddable":true,"href":"https:\/\/agora.xtec.cat\/zeremporda\/wp-json\/wp\/v2\/media\/1531"}],"wp:attachment":[{"href":"https:\/\/agora.xtec.cat\/zeremporda\/wp-json\/wp\/v2\/media?parent=1527"}],"wp:term":[{"taxonomy":"category","embeddable":true,"href":"https:\/\/agora.xtec.cat\/zeremporda\/wp-json\/wp\/v2\/categories?post=1527"},{"taxonomy":"post_tag","embeddable":true,"href":"https:\/\/agora.xtec.cat\/zeremporda\/wp-json\/wp\/v2\/tags?post=1527"}],"curies":[{"name":"wp","href":"https:\/\/api.w.org\/{rel}","templated":true}]}}