{"id":1521,"date":"2025-07-21T10:39:33","date_gmt":"2025-07-21T08:39:33","guid":{"rendered":"https:\/\/agora.xtec.cat\/zeremporda\/?p=1521"},"modified":"2025-07-21T10:39:33","modified_gmt":"2025-07-21T08:39:33","slug":"jornada-literaria24-celebrem-la-lectura","status":"publish","type":"post","link":"https:\/\/agora.xtec.cat\/zeremporda\/general\/jornada-literaria24-celebrem-la-lectura\/","title":{"rendered":"Jornada liter\u00e0ria&#8217;24: celebrem la lectura!"},"content":{"rendered":"<p><span style=\"font-weight: 400;\">El passat 13 de desembre de 2024 les cinc escoles de la ZER ens vam reunir per gaudir plegats d\u2019una jornada plena d\u2019activitats, emocions i, sobretot, moltes ganes de compartir moments literaris.<\/span><\/p>\n<p><span style=\"font-weight: 400;\">Al mat\u00ed vam tenir el privilegi de rebre la visita de dos grans autors: Joan de D\u00e9u i Jaume Cela. Amb ells vam iniciar una tert\u00falia liter\u00e0ria on els infants van expressar les seves opinions sobre els llibres, comentar personatges i hist\u00f2ries, i descobrir detalls molt interessants sobre el proc\u00e9s de creaci\u00f3 liter\u00e0ria. A continuaci\u00f3, els nens i nenes van poder fer preguntes als escriptors, que van respondre amb molta proximitat i sensibilitat.<\/span><\/p>\n<p><span style=\"font-weight: 400;\">Despr\u00e9s d\u2019un mat\u00ed tan intens, vam compartir un dinar conjunt entre escoles, un espai de conviv\u00e8ncia on vam poder parlar, riure i fer vincles m\u00e9s enll\u00e0 de les aules.<\/span><\/p>\n<p><span style=\"font-weight: 400;\">Per acabar la jornada, les mestres van explicar contes en diversos espais p\u00fablics del poble. Va ser un moment m\u00e0gic, on la imaginaci\u00f3 va ser la protagonista absoluta.<\/span><\/p>\n<p><span style=\"font-weight: 400;\">Vam viure una jornada plena de cultura, de comunitat i d\u2019estima per la lectura.<\/span><\/p>\n<p><img loading=\"lazy\" decoding=\"async\" class=\"aligncenter size-full wp-image-1522\" src=\"https:\/\/agora.xtec.cat\/zeremporda\/wp-content\/uploads\/usu2230\/2025\/07\/1735938895225.jpg\" alt=\"\" width=\"1600\" height=\"1200\" srcset=\"https:\/\/agora.xtec.cat\/zeremporda\/wp-content\/uploads\/usu2230\/2025\/07\/1735938895225.jpg 1600w, https:\/\/agora.xtec.cat\/zeremporda\/wp-content\/uploads\/usu2230\/2025\/07\/1735938895225-300x225.jpg 300w, https:\/\/agora.xtec.cat\/zeremporda\/wp-content\/uploads\/usu2230\/2025\/07\/1735938895225-1024x768.jpg 1024w, https:\/\/agora.xtec.cat\/zeremporda\/wp-content\/uploads\/usu2230\/2025\/07\/1735938895225-768x576.jpg 768w, https:\/\/agora.xtec.cat\/zeremporda\/wp-content\/uploads\/usu2230\/2025\/07\/1735938895225-1536x1152.jpg 1536w, https:\/\/agora.xtec.cat\/zeremporda\/wp-content\/uploads\/usu2230\/2025\/07\/1735938895225-200x150.jpg 200w\" sizes=\"auto, (max-width: 1600px) 100vw, 1600px\" \/> <img loading=\"lazy\" decoding=\"async\" class=\"aligncenter size-full wp-image-1523\" src=\"https:\/\/agora.xtec.cat\/zeremporda\/wp-content\/uploads\/usu2230\/2025\/07\/1735938978618.jpg\" alt=\"\" width=\"2048\" height=\"1536\" srcset=\"https:\/\/agora.xtec.cat\/zeremporda\/wp-content\/uploads\/usu2230\/2025\/07\/1735938978618.jpg 2048w, https:\/\/agora.xtec.cat\/zeremporda\/wp-content\/uploads\/usu2230\/2025\/07\/1735938978618-300x225.jpg 300w, https:\/\/agora.xtec.cat\/zeremporda\/wp-content\/uploads\/usu2230\/2025\/07\/1735938978618-1024x768.jpg 1024w, https:\/\/agora.xtec.cat\/zeremporda\/wp-content\/uploads\/usu2230\/2025\/07\/1735938978618-768x576.jpg 768w, https:\/\/agora.xtec.cat\/zeremporda\/wp-content\/uploads\/usu2230\/2025\/07\/1735938978618-1536x1152.jpg 1536w, https:\/\/agora.xtec.cat\/zeremporda\/wp-content\/uploads\/usu2230\/2025\/07\/1735938978618-200x150.jpg 200w\" sizes=\"auto, (max-width: 2048px) 100vw, 2048px\" \/> <img loading=\"lazy\" decoding=\"async\" class=\"aligncenter size-full wp-image-1524\" src=\"https:\/\/agora.xtec.cat\/zeremporda\/wp-content\/uploads\/usu2230\/2025\/07\/1750758894870.jpg\" alt=\"\" width=\"1600\" height=\"1200\" srcset=\"https:\/\/agora.xtec.cat\/zeremporda\/wp-content\/uploads\/usu2230\/2025\/07\/1750758894870.jpg 1600w, https:\/\/agora.xtec.cat\/zeremporda\/wp-content\/uploads\/usu2230\/2025\/07\/1750758894870-300x225.jpg 300w, https:\/\/agora.xtec.cat\/zeremporda\/wp-content\/uploads\/usu2230\/2025\/07\/1750758894870-1024x768.jpg 1024w, https:\/\/agora.xtec.cat\/zeremporda\/wp-content\/uploads\/usu2230\/2025\/07\/1750758894870-768x576.jpg 768w, https:\/\/agora.xtec.cat\/zeremporda\/wp-content\/uploads\/usu2230\/2025\/07\/1750758894870-1536x1152.jpg 1536w, https:\/\/agora.xtec.cat\/zeremporda\/wp-content\/uploads\/usu2230\/2025\/07\/1750758894870-200x150.jpg 200w\" sizes=\"auto, (max-width: 1600px) 100vw, 1600px\" \/> <img loading=\"lazy\" decoding=\"async\" class=\"aligncenter size-full wp-image-1525\" src=\"https:\/\/agora.xtec.cat\/zeremporda\/wp-content\/uploads\/usu2230\/2025\/07\/1750758894890.jpg\" alt=\"\" width=\"2487\" height=\"1844\" srcset=\"https:\/\/agora.xtec.cat\/zeremporda\/wp-content\/uploads\/usu2230\/2025\/07\/1750758894890.jpg 2487w, https:\/\/agora.xtec.cat\/zeremporda\/wp-content\/uploads\/usu2230\/2025\/07\/1750758894890-300x222.jpg 300w, https:\/\/agora.xtec.cat\/zeremporda\/wp-content\/uploads\/usu2230\/2025\/07\/1750758894890-1024x759.jpg 1024w, https:\/\/agora.xtec.cat\/zeremporda\/wp-content\/uploads\/usu2230\/2025\/07\/1750758894890-768x569.jpg 768w, https:\/\/agora.xtec.cat\/zeremporda\/wp-content\/uploads\/usu2230\/2025\/07\/1750758894890-1536x1139.jpg 1536w, https:\/\/agora.xtec.cat\/zeremporda\/wp-content\/uploads\/usu2230\/2025\/07\/1750758894890-2048x1519.jpg 2048w\" sizes=\"auto, (max-width: 2487px) 100vw, 2487px\" \/><\/p>\n","protected":false},"excerpt":{"rendered":"<p>El passat 13 de desembre de 2024 les cinc escoles de la ZER ens vam reunir per gaudir plegats d\u2019una jornada plena d\u2019activitats, emocions i, sobretot, moltes ganes de compartir moments literaris.<br \/>\nAl mat\u00ed vam tenir el privilegi de rebre la visita de dos grans autors:&hellip;  <a href=\"https:\/\/agora.xtec.cat\/zeremporda\/general\/jornada-literaria24-celebrem-la-lectura\/\" title=\"Read Jornada liter\u00e0ria&#8217;24: celebrem la lectura!\">Llegeix m\u00e9s\u00bb<\/a><\/p>\n","protected":false},"author":1,"featured_media":1522,"comment_status":"open","ping_status":"open","sticky":false,"template":"","format":"standard","meta":{"_bbp_topic_count":0,"_bbp_reply_count":0,"_bbp_total_topic_count":0,"_bbp_total_reply_count":0,"_bbp_voice_count":0,"_bbp_anonymous_reply_count":0,"_bbp_topic_count_hidden":0,"_bbp_reply_count_hidden":0,"_bbp_forum_subforum_count":0,"footnotes":""},"categories":[145,1],"tags":[],"class_list":["post-1521","post","type-post","status-publish","format-standard","has-post-thumbnail","hentry","category-curs-24-25","category-general"],"post_mailing_queue_ids":[],"_links":{"self":[{"href":"https:\/\/agora.xtec.cat\/zeremporda\/wp-json\/wp\/v2\/posts\/1521","targetHints":{"allow":["GET"]}}],"collection":[{"href":"https:\/\/agora.xtec.cat\/zeremporda\/wp-json\/wp\/v2\/posts"}],"about":[{"href":"https:\/\/agora.xtec.cat\/zeremporda\/wp-json\/wp\/v2\/types\/post"}],"author":[{"embeddable":true,"href":"https:\/\/agora.xtec.cat\/zeremporda\/wp-json\/wp\/v2\/users\/1"}],"replies":[{"embeddable":true,"href":"https:\/\/agora.xtec.cat\/zeremporda\/wp-json\/wp\/v2\/comments?post=1521"}],"version-history":[{"count":1,"href":"https:\/\/agora.xtec.cat\/zeremporda\/wp-json\/wp\/v2\/posts\/1521\/revisions"}],"predecessor-version":[{"id":1526,"href":"https:\/\/agora.xtec.cat\/zeremporda\/wp-json\/wp\/v2\/posts\/1521\/revisions\/1526"}],"wp:featuredmedia":[{"embeddable":true,"href":"https:\/\/agora.xtec.cat\/zeremporda\/wp-json\/wp\/v2\/media\/1522"}],"wp:attachment":[{"href":"https:\/\/agora.xtec.cat\/zeremporda\/wp-json\/wp\/v2\/media?parent=1521"}],"wp:term":[{"taxonomy":"category","embeddable":true,"href":"https:\/\/agora.xtec.cat\/zeremporda\/wp-json\/wp\/v2\/categories?post=1521"},{"taxonomy":"post_tag","embeddable":true,"href":"https:\/\/agora.xtec.cat\/zeremporda\/wp-json\/wp\/v2\/tags?post=1521"}],"curies":[{"name":"wp","href":"https:\/\/api.w.org\/{rel}","templated":true}]}}