{"id":1516,"date":"2025-07-21T10:34:41","date_gmt":"2025-07-21T08:34:41","guid":{"rendered":"https:\/\/agora.xtec.cat\/zeremporda\/?p=1516"},"modified":"2025-07-21T10:34:41","modified_gmt":"2025-07-21T08:34:41","slug":"els-microambients-a-la-comunitat-de-bressol","status":"publish","type":"post","link":"https:\/\/agora.xtec.cat\/zeremporda\/general\/els-microambients-a-la-comunitat-de-bressol\/","title":{"rendered":"Els microambients a la comunitat de Bressol"},"content":{"rendered":"<p><span style=\"font-weight: 400;\">A l&#8217;escola de Palau de Santa Eul\u00e0lia, tenim comunitat de bressol! \u00c9s un petit regal per fer cr\u00e9ixer l\u2019escola. Per donar continu\u00eftat al projecte d&#8217;escola i de ZER les propostes educatives de la bressol s\u2019estructuren en petits espais o microambients.<\/span><\/p>\n<p><span style=\"font-weight: 400;\">Les criatures poden trobar-se situacions educatives de construcci\u00f3, de transports, cient\u00edfiques, exploratives, simb\u00f2liques com la cuineta o el minim\u00f3n d\u2019animals, etc. Durant un\u00a0 mes, mes i mig els infants exploren lliurement els materials disposats en cada un dels microambients amb l&#8217;acompanyament i suggeriments de l\u2019adult. Cadascun pot anar construint la seva hist\u00f2ria de joc que \u00e9s recollida com a\u00a0 documentaci\u00f3 a la llibreta d\u2019evid\u00e8ncies. Al la tornada del jard\u00ed, di\u00e0riament les criatures gaudeixen d\u2019una estona de conte individual i col\u00b7lectiu.\u00a0 I despr\u00e9s de la becaina,\u00a0 les tardes s\u2019aprofiten per con\u00e8ixer l\u2019entorn del poble i l&#8217;entorn natural tot fent passejades disteses i amb sentit.<\/span><\/p>\n<p><img loading=\"lazy\" decoding=\"async\" class=\"aligncenter size-full wp-image-1517\" src=\"https:\/\/agora.xtec.cat\/zeremporda\/wp-content\/uploads\/usu2230\/2025\/07\/Captura-de-pantalla-2025-07-21-103342.jpg\" alt=\"\" width=\"453\" height=\"597\" srcset=\"https:\/\/agora.xtec.cat\/zeremporda\/wp-content\/uploads\/usu2230\/2025\/07\/Captura-de-pantalla-2025-07-21-103342.jpg 453w, https:\/\/agora.xtec.cat\/zeremporda\/wp-content\/uploads\/usu2230\/2025\/07\/Captura-de-pantalla-2025-07-21-103342-228x300.jpg 228w\" sizes=\"auto, (max-width: 453px) 100vw, 453px\" \/> <img loading=\"lazy\" decoding=\"async\" class=\"aligncenter size-full wp-image-1518\" src=\"https:\/\/agora.xtec.cat\/zeremporda\/wp-content\/uploads\/usu2230\/2025\/07\/Captura-de-pantalla-2025-07-21-103320.jpg\" alt=\"\" width=\"810\" height=\"610\" srcset=\"https:\/\/agora.xtec.cat\/zeremporda\/wp-content\/uploads\/usu2230\/2025\/07\/Captura-de-pantalla-2025-07-21-103320.jpg 810w, https:\/\/agora.xtec.cat\/zeremporda\/wp-content\/uploads\/usu2230\/2025\/07\/Captura-de-pantalla-2025-07-21-103320-300x226.jpg 300w, https:\/\/agora.xtec.cat\/zeremporda\/wp-content\/uploads\/usu2230\/2025\/07\/Captura-de-pantalla-2025-07-21-103320-768x578.jpg 768w, https:\/\/agora.xtec.cat\/zeremporda\/wp-content\/uploads\/usu2230\/2025\/07\/Captura-de-pantalla-2025-07-21-103320-200x150.jpg 200w\" sizes=\"auto, (max-width: 810px) 100vw, 810px\" \/> <img loading=\"lazy\" decoding=\"async\" class=\"aligncenter size-full wp-image-1519\" src=\"https:\/\/agora.xtec.cat\/zeremporda\/wp-content\/uploads\/usu2230\/2025\/07\/Captura-de-pantalla-2025-07-21-103257.jpg\" alt=\"\" width=\"820\" height=\"613\" srcset=\"https:\/\/agora.xtec.cat\/zeremporda\/wp-content\/uploads\/usu2230\/2025\/07\/Captura-de-pantalla-2025-07-21-103257.jpg 820w, https:\/\/agora.xtec.cat\/zeremporda\/wp-content\/uploads\/usu2230\/2025\/07\/Captura-de-pantalla-2025-07-21-103257-300x224.jpg 300w, https:\/\/agora.xtec.cat\/zeremporda\/wp-content\/uploads\/usu2230\/2025\/07\/Captura-de-pantalla-2025-07-21-103257-768x574.jpg 768w, https:\/\/agora.xtec.cat\/zeremporda\/wp-content\/uploads\/usu2230\/2025\/07\/Captura-de-pantalla-2025-07-21-103257-200x150.jpg 200w\" sizes=\"auto, (max-width: 820px) 100vw, 820px\" \/><\/p>\n","protected":false},"excerpt":{"rendered":"<p>A l&#8217;escola de Palau de Santa Eul\u00e0lia, tenim comunitat de bressol! \u00c9s un petit regal per fer cr\u00e9ixer l\u2019escola. Per donar continu\u00eftat al projecte d&#8217;escola i de ZER les propostes educatives de la bressol s\u2019estructuren en petits espais o microambients.<br \/>\nLes criatures poden trobar-se situacions educatives&hellip;  <a href=\"https:\/\/agora.xtec.cat\/zeremporda\/general\/els-microambients-a-la-comunitat-de-bressol\/\" title=\"Read Els microambients a la comunitat de Bressol\">Llegeix m\u00e9s\u00bb<\/a><\/p>\n","protected":false},"author":1,"featured_media":1519,"comment_status":"open","ping_status":"open","sticky":false,"template":"","format":"standard","meta":{"_bbp_topic_count":0,"_bbp_reply_count":0,"_bbp_total_topic_count":0,"_bbp_total_reply_count":0,"_bbp_voice_count":0,"_bbp_anonymous_reply_count":0,"_bbp_topic_count_hidden":0,"_bbp_reply_count_hidden":0,"_bbp_forum_subforum_count":0,"footnotes":""},"categories":[145,1],"tags":[],"class_list":["post-1516","post","type-post","status-publish","format-standard","has-post-thumbnail","hentry","category-curs-24-25","category-general"],"post_mailing_queue_ids":[],"_links":{"self":[{"href":"https:\/\/agora.xtec.cat\/zeremporda\/wp-json\/wp\/v2\/posts\/1516","targetHints":{"allow":["GET"]}}],"collection":[{"href":"https:\/\/agora.xtec.cat\/zeremporda\/wp-json\/wp\/v2\/posts"}],"about":[{"href":"https:\/\/agora.xtec.cat\/zeremporda\/wp-json\/wp\/v2\/types\/post"}],"author":[{"embeddable":true,"href":"https:\/\/agora.xtec.cat\/zeremporda\/wp-json\/wp\/v2\/users\/1"}],"replies":[{"embeddable":true,"href":"https:\/\/agora.xtec.cat\/zeremporda\/wp-json\/wp\/v2\/comments?post=1516"}],"version-history":[{"count":1,"href":"https:\/\/agora.xtec.cat\/zeremporda\/wp-json\/wp\/v2\/posts\/1516\/revisions"}],"predecessor-version":[{"id":1520,"href":"https:\/\/agora.xtec.cat\/zeremporda\/wp-json\/wp\/v2\/posts\/1516\/revisions\/1520"}],"wp:featuredmedia":[{"embeddable":true,"href":"https:\/\/agora.xtec.cat\/zeremporda\/wp-json\/wp\/v2\/media\/1519"}],"wp:attachment":[{"href":"https:\/\/agora.xtec.cat\/zeremporda\/wp-json\/wp\/v2\/media?parent=1516"}],"wp:term":[{"taxonomy":"category","embeddable":true,"href":"https:\/\/agora.xtec.cat\/zeremporda\/wp-json\/wp\/v2\/categories?post=1516"},{"taxonomy":"post_tag","embeddable":true,"href":"https:\/\/agora.xtec.cat\/zeremporda\/wp-json\/wp\/v2\/tags?post=1516"}],"curies":[{"name":"wp","href":"https:\/\/api.w.org\/{rel}","templated":true}]}}