{"id":1513,"date":"2025-07-21T10:28:05","date_gmt":"2025-07-21T08:28:05","guid":{"rendered":"https:\/\/agora.xtec.cat\/zeremporda\/?p=1513"},"modified":"2025-07-21T10:28:05","modified_gmt":"2025-07-21T08:28:05","slug":"els-microambients-a-la-comunitat-de-petits","status":"publish","type":"post","link":"https:\/\/agora.xtec.cat\/zeremporda\/general\/els-microambients-a-la-comunitat-de-petits\/","title":{"rendered":"Els microambients a la comunitat de petits"},"content":{"rendered":"<p><span style=\"font-weight: 400;\">El Projecte Refugis a Infantil es desenvolupa a trav\u00e9s dels microambients per tal de fomentar l\u2019autonomia de l\u2019infant d\u2019acord al seu desenvolupament i als seus interessos i necessitats a trav\u00e9s de propostes amb objectius ben definits. <\/span><\/p>\n<p><span style=\"font-weight: 400;\">Mentre l\u2019adult est\u00e0 present a l\u2019ambient, l\u2019infant l\u2019absorbeix, s\u2019hi adapta i el torna part d\u2019ell mateix. Amb les safates l\u2019infant refina la seva coordinaci\u00f3 muscular, aquesta li permetr\u00e0 un nivell m\u00e9s alt de funcionament independent. L\u2019espai ordenat, predictible i amb rutines clares afavoreix tamb\u00e9 la socialitzaci\u00f3 de l\u2019infant educant el respecte i l\u2019espera.\u00a0<\/span><\/p>\n<p><img loading=\"lazy\" decoding=\"async\" class=\"aligncenter size-full wp-image-1514\" src=\"https:\/\/agora.xtec.cat\/zeremporda\/wp-content\/uploads\/usu2230\/2025\/07\/aus2.jpeg\" alt=\"\" width=\"1530\" height=\"2040\" srcset=\"https:\/\/agora.xtec.cat\/zeremporda\/wp-content\/uploads\/usu2230\/2025\/07\/aus2.jpeg 1530w, https:\/\/agora.xtec.cat\/zeremporda\/wp-content\/uploads\/usu2230\/2025\/07\/aus2-225x300.jpeg 225w, https:\/\/agora.xtec.cat\/zeremporda\/wp-content\/uploads\/usu2230\/2025\/07\/aus2-768x1024.jpeg 768w, https:\/\/agora.xtec.cat\/zeremporda\/wp-content\/uploads\/usu2230\/2025\/07\/aus2-1152x1536.jpeg 1152w\" sizes=\"auto, (max-width: 1530px) 100vw, 1530px\" \/><\/p>\n","protected":false},"excerpt":{"rendered":"<p>El Projecte Refugis a Infantil es desenvolupa a trav\u00e9s dels microambients per tal de fomentar l\u2019autonomia de l\u2019infant d\u2019acord al seu desenvolupament i als seus interessos i necessitats a trav\u00e9s de propostes amb objectius ben definits.<br \/>\nMentre l\u2019adult est\u00e0 present a l\u2019ambient, l\u2019infant l\u2019absorbeix, s\u2019hi&hellip;  <a href=\"https:\/\/agora.xtec.cat\/zeremporda\/general\/els-microambients-a-la-comunitat-de-petits\/\" title=\"Read Els microambients a la comunitat de petits\">Llegeix m\u00e9s\u00bb<\/a><\/p>\n","protected":false},"author":1,"featured_media":1514,"comment_status":"open","ping_status":"open","sticky":false,"template":"","format":"standard","meta":{"_bbp_topic_count":0,"_bbp_reply_count":0,"_bbp_total_topic_count":0,"_bbp_total_reply_count":0,"_bbp_voice_count":0,"_bbp_anonymous_reply_count":0,"_bbp_topic_count_hidden":0,"_bbp_reply_count_hidden":0,"_bbp_forum_subforum_count":0,"footnotes":""},"categories":[145,1],"tags":[],"class_list":["post-1513","post","type-post","status-publish","format-standard","has-post-thumbnail","hentry","category-curs-24-25","category-general"],"post_mailing_queue_ids":[],"_links":{"self":[{"href":"https:\/\/agora.xtec.cat\/zeremporda\/wp-json\/wp\/v2\/posts\/1513","targetHints":{"allow":["GET"]}}],"collection":[{"href":"https:\/\/agora.xtec.cat\/zeremporda\/wp-json\/wp\/v2\/posts"}],"about":[{"href":"https:\/\/agora.xtec.cat\/zeremporda\/wp-json\/wp\/v2\/types\/post"}],"author":[{"embeddable":true,"href":"https:\/\/agora.xtec.cat\/zeremporda\/wp-json\/wp\/v2\/users\/1"}],"replies":[{"embeddable":true,"href":"https:\/\/agora.xtec.cat\/zeremporda\/wp-json\/wp\/v2\/comments?post=1513"}],"version-history":[{"count":1,"href":"https:\/\/agora.xtec.cat\/zeremporda\/wp-json\/wp\/v2\/posts\/1513\/revisions"}],"predecessor-version":[{"id":1515,"href":"https:\/\/agora.xtec.cat\/zeremporda\/wp-json\/wp\/v2\/posts\/1513\/revisions\/1515"}],"wp:featuredmedia":[{"embeddable":true,"href":"https:\/\/agora.xtec.cat\/zeremporda\/wp-json\/wp\/v2\/media\/1514"}],"wp:attachment":[{"href":"https:\/\/agora.xtec.cat\/zeremporda\/wp-json\/wp\/v2\/media?parent=1513"}],"wp:term":[{"taxonomy":"category","embeddable":true,"href":"https:\/\/agora.xtec.cat\/zeremporda\/wp-json\/wp\/v2\/categories?post=1513"},{"taxonomy":"post_tag","embeddable":true,"href":"https:\/\/agora.xtec.cat\/zeremporda\/wp-json\/wp\/v2\/tags?post=1513"}],"curies":[{"name":"wp","href":"https:\/\/api.w.org\/{rel}","templated":true}]}}