{"id":1508,"date":"2025-07-21T10:21:24","date_gmt":"2025-07-21T08:21:24","guid":{"rendered":"https:\/\/agora.xtec.cat\/zeremporda\/?p=1508"},"modified":"2025-07-21T10:21:24","modified_gmt":"2025-07-21T08:21:24","slug":"els-nostres-pobles-son-refugi-o-terra-de-pas","status":"publish","type":"post","link":"https:\/\/agora.xtec.cat\/zeremporda\/general\/els-nostres-pobles-son-refugi-o-terra-de-pas\/","title":{"rendered":"Els nostres pobles s\u00f3n refugi? O terra de pas?"},"content":{"rendered":"<div>\n<div>\n<div>\n<p>Una maleta i diferents parells de sabates van ser els elements que ens van permetre preguntar-nos per quins motius algunes persones es veuen obligades o decideixen deixar el seu refugi. Ens vam adonar que els humans s\u2019han mogut sempre per diferents motius, un dels quals s\u00f3n els conflictes armats.<\/p>\n<\/div>\n<\/div>\n<div>\n<div>\n<p>A partir de l\u2019an\u00e0lisi de les dades i els gr\u00e0fics demogr\u00e0fics, hem pogut reflexionar sobre si els nostres pobles s\u00f3n refugi i qu\u00e8 podem fer per acollir les persones.<\/p>\n<\/div>\n<\/div>\n<div>\n<div>\n<p>A m\u00e9s a m\u00e9s, tamb\u00e9 hem volgut saber i reflexionar al voltant de les conseq\u00fc\u00e8ncies de les guerres i per aix\u00f2 ens hem fixat en el testimoni de persones que van viure la Guerra Civil espanyola.<\/p>\n<\/div>\n<\/div>\n<div>\n<div>\n<p>Tamb\u00e9 ens hem preguntat com s\u00f3n les persones que viuen als nostres pobles. Per poder respondre aquesta q\u00fcesti\u00f3 hem anat a investigar a l\u2019ajuntament i tamb\u00e9 hem treballat i analitzat dades demogr\u00e0fiques de l\u2019IDESCAT. Ens hem fixat en l\u2019edat, el g\u00e8nere i sobretot el lloc d\u2019origen.<\/p>\n<p><img loading=\"lazy\" decoding=\"async\" class=\"aligncenter size-full wp-image-1510\" src=\"https:\/\/agora.xtec.cat\/zeremporda\/wp-content\/uploads\/usu2230\/2025\/07\/Captura-de-pantalla-2025-07-21-102012.jpg\" alt=\"\" width=\"817\" height=\"615\" srcset=\"https:\/\/agora.xtec.cat\/zeremporda\/wp-content\/uploads\/usu2230\/2025\/07\/Captura-de-pantalla-2025-07-21-102012.jpg 817w, https:\/\/agora.xtec.cat\/zeremporda\/wp-content\/uploads\/usu2230\/2025\/07\/Captura-de-pantalla-2025-07-21-102012-300x226.jpg 300w, https:\/\/agora.xtec.cat\/zeremporda\/wp-content\/uploads\/usu2230\/2025\/07\/Captura-de-pantalla-2025-07-21-102012-768x578.jpg 768w, https:\/\/agora.xtec.cat\/zeremporda\/wp-content\/uploads\/usu2230\/2025\/07\/Captura-de-pantalla-2025-07-21-102012-200x150.jpg 200w\" sizes=\"auto, (max-width: 817px) 100vw, 817px\" \/><img loading=\"lazy\" decoding=\"async\" class=\"aligncenter size-full wp-image-1509\" src=\"https:\/\/agora.xtec.cat\/zeremporda\/wp-content\/uploads\/usu2230\/2025\/07\/1750793714850-scaled.jpg\" alt=\"\" width=\"1443\" height=\"2560\" srcset=\"https:\/\/agora.xtec.cat\/zeremporda\/wp-content\/uploads\/usu2230\/2025\/07\/1750793714850-scaled.jpg 1443w, https:\/\/agora.xtec.cat\/zeremporda\/wp-content\/uploads\/usu2230\/2025\/07\/1750793714850-169x300.jpg 169w, https:\/\/agora.xtec.cat\/zeremporda\/wp-content\/uploads\/usu2230\/2025\/07\/1750793714850-577x1024.jpg 577w, https:\/\/agora.xtec.cat\/zeremporda\/wp-content\/uploads\/usu2230\/2025\/07\/1750793714850-768x1362.jpg 768w, https:\/\/agora.xtec.cat\/zeremporda\/wp-content\/uploads\/usu2230\/2025\/07\/1750793714850-866x1536.jpg 866w, https:\/\/agora.xtec.cat\/zeremporda\/wp-content\/uploads\/usu2230\/2025\/07\/1750793714850-1155x2048.jpg 1155w\" sizes=\"auto, (max-width: 1443px) 100vw, 1443px\" \/><\/p>\n<\/div>\n<\/div>\n<\/div>\n","protected":false},"excerpt":{"rendered":"<p>Una maleta i diferents parells de sabates van ser els elements que ens van permetre preguntar-nos per quins motius algunes persones es veuen obligades o decideixen deixar el seu refugi. Ens vam adonar que els humans s\u2019han mogut sempre per diferents motius, un dels quals&hellip;  <a href=\"https:\/\/agora.xtec.cat\/zeremporda\/general\/els-nostres-pobles-son-refugi-o-terra-de-pas\/\" title=\"Read Els nostres pobles s\u00f3n refugi? O terra de pas?\">Llegeix m\u00e9s\u00bb<\/a><\/p>\n","protected":false},"author":1,"featured_media":1510,"comment_status":"open","ping_status":"open","sticky":false,"template":"","format":"standard","meta":{"_bbp_topic_count":0,"_bbp_reply_count":0,"_bbp_total_topic_count":0,"_bbp_total_reply_count":0,"_bbp_voice_count":0,"_bbp_anonymous_reply_count":0,"_bbp_topic_count_hidden":0,"_bbp_reply_count_hidden":0,"_bbp_forum_subforum_count":0,"footnotes":""},"categories":[145,1],"tags":[],"class_list":["post-1508","post","type-post","status-publish","format-standard","has-post-thumbnail","hentry","category-curs-24-25","category-general"],"post_mailing_queue_ids":[],"_links":{"self":[{"href":"https:\/\/agora.xtec.cat\/zeremporda\/wp-json\/wp\/v2\/posts\/1508","targetHints":{"allow":["GET"]}}],"collection":[{"href":"https:\/\/agora.xtec.cat\/zeremporda\/wp-json\/wp\/v2\/posts"}],"about":[{"href":"https:\/\/agora.xtec.cat\/zeremporda\/wp-json\/wp\/v2\/types\/post"}],"author":[{"embeddable":true,"href":"https:\/\/agora.xtec.cat\/zeremporda\/wp-json\/wp\/v2\/users\/1"}],"replies":[{"embeddable":true,"href":"https:\/\/agora.xtec.cat\/zeremporda\/wp-json\/wp\/v2\/comments?post=1508"}],"version-history":[{"count":1,"href":"https:\/\/agora.xtec.cat\/zeremporda\/wp-json\/wp\/v2\/posts\/1508\/revisions"}],"predecessor-version":[{"id":1511,"href":"https:\/\/agora.xtec.cat\/zeremporda\/wp-json\/wp\/v2\/posts\/1508\/revisions\/1511"}],"wp:featuredmedia":[{"embeddable":true,"href":"https:\/\/agora.xtec.cat\/zeremporda\/wp-json\/wp\/v2\/media\/1510"}],"wp:attachment":[{"href":"https:\/\/agora.xtec.cat\/zeremporda\/wp-json\/wp\/v2\/media?parent=1508"}],"wp:term":[{"taxonomy":"category","embeddable":true,"href":"https:\/\/agora.xtec.cat\/zeremporda\/wp-json\/wp\/v2\/categories?post=1508"},{"taxonomy":"post_tag","embeddable":true,"href":"https:\/\/agora.xtec.cat\/zeremporda\/wp-json\/wp\/v2\/tags?post=1508"}],"curies":[{"name":"wp","href":"https:\/\/api.w.org\/{rel}","templated":true}]}}