{"id":1503,"date":"2025-07-21T10:13:04","date_gmt":"2025-07-21T08:13:04","guid":{"rendered":"https:\/\/agora.xtec.cat\/zeremporda\/?p=1503"},"modified":"2025-07-21T10:13:04","modified_gmt":"2025-07-21T08:13:04","slug":"i-les-aus-per-que-es-mouen-eas-1-a-mitjans","status":"publish","type":"post","link":"https:\/\/agora.xtec.cat\/zeremporda\/general\/i-les-aus-per-que-es-mouen-eas-1-a-mitjans\/","title":{"rendered":"I les aus, per qu\u00e8 es mouen? EAS 1 a mitjans"},"content":{"rendered":"<p><span style=\"font-weight: 400;\">L\u2019arribada d\u2019una maleta misteriosa, a la comunitat de mitjans, va marcar l\u2019inici de la primera experi\u00e8ncia d\u2019aprenentatge amb sentit. Aquest objecte ens va obrir la porta a una reflexi\u00f3 \u00a0 \u201cno nom\u00e9s les persones necessiten refugi, sin\u00f3 que tamb\u00e9 els animals necessiten espais segurs on viure i protegir-se\u201d.\u00a0<\/span><\/p>\n<p><span style=\"font-weight: 400;\">A partir d\u2019aquesta descoberta ens vam endinsar en les migracions dels ocells i si els nostres pobles eren refugi per les aus. Amb la sortida als Aiguamolls i la visita d\u2019experts ens hem anat formant com a petits ornit\u00f2legs, amb el prop\u00f2sit de cuidar, protegir i oferir refugi a les aus que viuen o fan parada als nostres pobles. <\/span><img loading=\"lazy\" decoding=\"async\" class=\"aligncenter size-full wp-image-1504\" src=\"https:\/\/agora.xtec.cat\/zeremporda\/wp-content\/uploads\/usu2230\/2025\/07\/Copia-de-1750759152901.jpg\" alt=\"\" width=\"1325\" height=\"768\" srcset=\"https:\/\/agora.xtec.cat\/zeremporda\/wp-content\/uploads\/usu2230\/2025\/07\/Copia-de-1750759152901.jpg 1325w, https:\/\/agora.xtec.cat\/zeremporda\/wp-content\/uploads\/usu2230\/2025\/07\/Copia-de-1750759152901-300x174.jpg 300w, https:\/\/agora.xtec.cat\/zeremporda\/wp-content\/uploads\/usu2230\/2025\/07\/Copia-de-1750759152901-1024x594.jpg 1024w, https:\/\/agora.xtec.cat\/zeremporda\/wp-content\/uploads\/usu2230\/2025\/07\/Copia-de-1750759152901-768x445.jpg 768w\" sizes=\"auto, (max-width: 1325px) 100vw, 1325px\" \/> <img loading=\"lazy\" decoding=\"async\" class=\"aligncenter size-full wp-image-1505\" src=\"https:\/\/agora.xtec.cat\/zeremporda\/wp-content\/uploads\/usu2230\/2025\/07\/Copia-de-WhatsApp-Image-2025-06-25-at-13.45.57.jpeg\" alt=\"\" width=\"1600\" height=\"1200\" srcset=\"https:\/\/agora.xtec.cat\/zeremporda\/wp-content\/uploads\/usu2230\/2025\/07\/Copia-de-WhatsApp-Image-2025-06-25-at-13.45.57.jpeg 1600w, https:\/\/agora.xtec.cat\/zeremporda\/wp-content\/uploads\/usu2230\/2025\/07\/Copia-de-WhatsApp-Image-2025-06-25-at-13.45.57-300x225.jpeg 300w, https:\/\/agora.xtec.cat\/zeremporda\/wp-content\/uploads\/usu2230\/2025\/07\/Copia-de-WhatsApp-Image-2025-06-25-at-13.45.57-1024x768.jpeg 1024w, https:\/\/agora.xtec.cat\/zeremporda\/wp-content\/uploads\/usu2230\/2025\/07\/Copia-de-WhatsApp-Image-2025-06-25-at-13.45.57-768x576.jpeg 768w, https:\/\/agora.xtec.cat\/zeremporda\/wp-content\/uploads\/usu2230\/2025\/07\/Copia-de-WhatsApp-Image-2025-06-25-at-13.45.57-1536x1152.jpeg 1536w, https:\/\/agora.xtec.cat\/zeremporda\/wp-content\/uploads\/usu2230\/2025\/07\/Copia-de-WhatsApp-Image-2025-06-25-at-13.45.57-200x150.jpeg 200w\" sizes=\"auto, (max-width: 1600px) 100vw, 1600px\" \/> <img loading=\"lazy\" decoding=\"async\" class=\"aligncenter size-full wp-image-1506\" src=\"https:\/\/agora.xtec.cat\/zeremporda\/wp-content\/uploads\/usu2230\/2025\/07\/Copia-de-WhatsApp-Image-2025-06-25-at-13.45.58.jpeg\" alt=\"\" width=\"1600\" height=\"1200\" srcset=\"https:\/\/agora.xtec.cat\/zeremporda\/wp-content\/uploads\/usu2230\/2025\/07\/Copia-de-WhatsApp-Image-2025-06-25-at-13.45.58.jpeg 1600w, https:\/\/agora.xtec.cat\/zeremporda\/wp-content\/uploads\/usu2230\/2025\/07\/Copia-de-WhatsApp-Image-2025-06-25-at-13.45.58-300x225.jpeg 300w, https:\/\/agora.xtec.cat\/zeremporda\/wp-content\/uploads\/usu2230\/2025\/07\/Copia-de-WhatsApp-Image-2025-06-25-at-13.45.58-1024x768.jpeg 1024w, https:\/\/agora.xtec.cat\/zeremporda\/wp-content\/uploads\/usu2230\/2025\/07\/Copia-de-WhatsApp-Image-2025-06-25-at-13.45.58-768x576.jpeg 768w, https:\/\/agora.xtec.cat\/zeremporda\/wp-content\/uploads\/usu2230\/2025\/07\/Copia-de-WhatsApp-Image-2025-06-25-at-13.45.58-1536x1152.jpeg 1536w, https:\/\/agora.xtec.cat\/zeremporda\/wp-content\/uploads\/usu2230\/2025\/07\/Copia-de-WhatsApp-Image-2025-06-25-at-13.45.58-200x150.jpeg 200w\" sizes=\"auto, (max-width: 1600px) 100vw, 1600px\" \/><\/p>\n","protected":false},"excerpt":{"rendered":"<p>L\u2019arribada d\u2019una maleta misteriosa, a la comunitat de mitjans, va marcar l\u2019inici de la primera experi\u00e8ncia d\u2019aprenentatge amb sentit. Aquest objecte ens va obrir la porta a una reflexi\u00f3 \u00a0 \u201cno nom\u00e9s les persones necessiten refugi, sin\u00f3 que tamb\u00e9 els animals necessiten espais segurs on&hellip;  <a href=\"https:\/\/agora.xtec.cat\/zeremporda\/general\/i-les-aus-per-que-es-mouen-eas-1-a-mitjans\/\" title=\"Read I les aus, per qu\u00e8 es mouen? EAS 1 a mitjans\">Llegeix m\u00e9s\u00bb<\/a><\/p>\n","protected":false},"author":1,"featured_media":1506,"comment_status":"open","ping_status":"open","sticky":false,"template":"","format":"standard","meta":{"_bbp_topic_count":0,"_bbp_reply_count":0,"_bbp_total_topic_count":0,"_bbp_total_reply_count":0,"_bbp_voice_count":0,"_bbp_anonymous_reply_count":0,"_bbp_topic_count_hidden":0,"_bbp_reply_count_hidden":0,"_bbp_forum_subforum_count":0,"footnotes":""},"categories":[145,1],"tags":[],"class_list":["post-1503","post","type-post","status-publish","format-standard","has-post-thumbnail","hentry","category-curs-24-25","category-general"],"post_mailing_queue_ids":[],"_links":{"self":[{"href":"https:\/\/agora.xtec.cat\/zeremporda\/wp-json\/wp\/v2\/posts\/1503","targetHints":{"allow":["GET"]}}],"collection":[{"href":"https:\/\/agora.xtec.cat\/zeremporda\/wp-json\/wp\/v2\/posts"}],"about":[{"href":"https:\/\/agora.xtec.cat\/zeremporda\/wp-json\/wp\/v2\/types\/post"}],"author":[{"embeddable":true,"href":"https:\/\/agora.xtec.cat\/zeremporda\/wp-json\/wp\/v2\/users\/1"}],"replies":[{"embeddable":true,"href":"https:\/\/agora.xtec.cat\/zeremporda\/wp-json\/wp\/v2\/comments?post=1503"}],"version-history":[{"count":1,"href":"https:\/\/agora.xtec.cat\/zeremporda\/wp-json\/wp\/v2\/posts\/1503\/revisions"}],"predecessor-version":[{"id":1507,"href":"https:\/\/agora.xtec.cat\/zeremporda\/wp-json\/wp\/v2\/posts\/1503\/revisions\/1507"}],"wp:featuredmedia":[{"embeddable":true,"href":"https:\/\/agora.xtec.cat\/zeremporda\/wp-json\/wp\/v2\/media\/1506"}],"wp:attachment":[{"href":"https:\/\/agora.xtec.cat\/zeremporda\/wp-json\/wp\/v2\/media?parent=1503"}],"wp:term":[{"taxonomy":"category","embeddable":true,"href":"https:\/\/agora.xtec.cat\/zeremporda\/wp-json\/wp\/v2\/categories?post=1503"},{"taxonomy":"post_tag","embeddable":true,"href":"https:\/\/agora.xtec.cat\/zeremporda\/wp-json\/wp\/v2\/tags?post=1503"}],"curies":[{"name":"wp","href":"https:\/\/api.w.org\/{rel}","templated":true}]}}