{"id":1500,"date":"2025-07-21T10:08:38","date_gmt":"2025-07-21T08:08:38","guid":{"rendered":"https:\/\/agora.xtec.cat\/zeremporda\/?p=1500"},"modified":"2025-07-21T10:24:09","modified_gmt":"2025-07-21T08:24:09","slug":"marc-pedagogic-refugis","status":"publish","type":"post","link":"https:\/\/agora.xtec.cat\/zeremporda\/general\/marc-pedagogic-refugis\/","title":{"rendered":"Marc pedag\u00f2gic REFUGIS"},"content":{"rendered":"<p>Cada curs, un nou marc pedag\u00f2gic ens acompanya per a desenvolupar les estrat\u00e8gies educatives que faran possible que l&#8217;infant desenvolupi una consci\u00e8ncia real i s\u00f2lida d&#8217;ell mateix, de l&#8217;altre i del m\u00f3n. Partint de problemes socialment rellevants, el claustre dissenya un marc pedag\u00f2gic que servir\u00e0 de vestida per a desenvolupar el projecte anual. Al llarg del curs, aquest marc s&#8217;amplia o canvia segons les aportacions, oportunitats i dificultats que sorgeixen i que venen determinades per les persones que en formem part. Aix\u00ed doncs, \u00e9s un marc viu que esdev\u00e9 significatiu a mesura que el projecte avan\u00e7a.<\/p>\n<p><img loading=\"lazy\" decoding=\"async\" class=\"aligncenter size-full wp-image-1501\" src=\"https:\/\/agora.xtec.cat\/zeremporda\/wp-content\/uploads\/usu2230\/2025\/07\/MARC-PEDAGOGIC-ZER-EMPORDA_REFUGIS-24-25-2.png\" alt=\"\" width=\"1024\" height=\"768\" srcset=\"https:\/\/agora.xtec.cat\/zeremporda\/wp-content\/uploads\/usu2230\/2025\/07\/MARC-PEDAGOGIC-ZER-EMPORDA_REFUGIS-24-25-2.png 1024w, https:\/\/agora.xtec.cat\/zeremporda\/wp-content\/uploads\/usu2230\/2025\/07\/MARC-PEDAGOGIC-ZER-EMPORDA_REFUGIS-24-25-2-300x225.png 300w, https:\/\/agora.xtec.cat\/zeremporda\/wp-content\/uploads\/usu2230\/2025\/07\/MARC-PEDAGOGIC-ZER-EMPORDA_REFUGIS-24-25-2-768x576.png 768w, https:\/\/agora.xtec.cat\/zeremporda\/wp-content\/uploads\/usu2230\/2025\/07\/MARC-PEDAGOGIC-ZER-EMPORDA_REFUGIS-24-25-2-200x150.png 200w\" sizes=\"auto, (max-width: 1024px) 100vw, 1024px\" \/><\/p>\n","protected":false},"excerpt":{"rendered":"<p>Cada curs, un nou marc pedag\u00f2gic ens acompanya per a desenvolupar les estrat\u00e8gies educatives que faran possible que l&#8217;infant desenvolupi una consci\u00e8ncia real i s\u00f2lida d&#8217;ell mateix, de l&#8217;altre i del m\u00f3n. Partint de problemes socialment rellevants, el claustre dissenya un marc pedag\u00f2gic que servir\u00e0&hellip;  <a href=\"https:\/\/agora.xtec.cat\/zeremporda\/general\/marc-pedagogic-refugis\/\" title=\"Read Marc pedag\u00f2gic REFUGIS\">Llegeix m\u00e9s\u00bb<\/a><\/p>\n","protected":false},"author":1,"featured_media":1501,"comment_status":"open","ping_status":"open","sticky":false,"template":"","format":"standard","meta":{"_bbp_topic_count":0,"_bbp_reply_count":0,"_bbp_total_topic_count":0,"_bbp_total_reply_count":0,"_bbp_voice_count":0,"_bbp_anonymous_reply_count":0,"_bbp_topic_count_hidden":0,"_bbp_reply_count_hidden":0,"_bbp_forum_subforum_count":0,"footnotes":""},"categories":[145,1],"tags":[],"class_list":["post-1500","post","type-post","status-publish","format-standard","has-post-thumbnail","hentry","category-curs-24-25","category-general"],"post_mailing_queue_ids":[],"_links":{"self":[{"href":"https:\/\/agora.xtec.cat\/zeremporda\/wp-json\/wp\/v2\/posts\/1500","targetHints":{"allow":["GET"]}}],"collection":[{"href":"https:\/\/agora.xtec.cat\/zeremporda\/wp-json\/wp\/v2\/posts"}],"about":[{"href":"https:\/\/agora.xtec.cat\/zeremporda\/wp-json\/wp\/v2\/types\/post"}],"author":[{"embeddable":true,"href":"https:\/\/agora.xtec.cat\/zeremporda\/wp-json\/wp\/v2\/users\/1"}],"replies":[{"embeddable":true,"href":"https:\/\/agora.xtec.cat\/zeremporda\/wp-json\/wp\/v2\/comments?post=1500"}],"version-history":[{"count":2,"href":"https:\/\/agora.xtec.cat\/zeremporda\/wp-json\/wp\/v2\/posts\/1500\/revisions"}],"predecessor-version":[{"id":1512,"href":"https:\/\/agora.xtec.cat\/zeremporda\/wp-json\/wp\/v2\/posts\/1500\/revisions\/1512"}],"wp:featuredmedia":[{"embeddable":true,"href":"https:\/\/agora.xtec.cat\/zeremporda\/wp-json\/wp\/v2\/media\/1501"}],"wp:attachment":[{"href":"https:\/\/agora.xtec.cat\/zeremporda\/wp-json\/wp\/v2\/media?parent=1500"}],"wp:term":[{"taxonomy":"category","embeddable":true,"href":"https:\/\/agora.xtec.cat\/zeremporda\/wp-json\/wp\/v2\/categories?post=1500"},{"taxonomy":"post_tag","embeddable":true,"href":"https:\/\/agora.xtec.cat\/zeremporda\/wp-json\/wp\/v2\/tags?post=1500"}],"curies":[{"name":"wp","href":"https:\/\/api.w.org\/{rel}","templated":true}]}}