{"id":1495,"date":"2025-07-21T09:58:26","date_gmt":"2025-07-21T07:58:26","guid":{"rendered":"https:\/\/agora.xtec.cat\/zeremporda\/?p=1495"},"modified":"2025-07-21T09:58:26","modified_gmt":"2025-07-21T07:58:26","slug":"jornades-de-cohesio-24-25","status":"publish","type":"post","link":"https:\/\/agora.xtec.cat\/zeremporda\/general\/jornades-de-cohesio-24-25\/","title":{"rendered":"Jornades de cohesi\u00f3 24-25"},"content":{"rendered":"<p><span style=\"font-weight: 400;\">Les Jornades de Cohesi\u00f3 portades a terme a l\u2019inici de curs tenen com a objectiu crear vincles entre infants i mestres de les diferents escoles. Aix\u00ed mateix, aquestes jornades s\u00f3n les que donen el tret de sortida del projecte a trav\u00e9s de diferents propostes. Al llarg dels dos dies hi ha moments per treballar entorn al repte en equips cooperatius, per fer-se noves preguntes i per aprendre al costat dels nostres companys i companyes.\u00a0<\/span><\/p>\n<p>En el marc del projecte Refugis, en una primera jornada, els infants es van trobar a l&#8217;escola de Garrig\u00e0s on van compartir tots els elements que havien arribat a les respectives escoles per engegar el projecte. Tot seguit, van tenir la sort de caminar al costat d&#8217;un ramat fent el trajecte de Garrig\u00e0s a Palau de Santa Eul\u00e0lia, poblaci\u00f3 on a la tarda, plegats, van treure les conclusions que ajudarien a avan\u00e7ar en la primera experi\u00e8ncia d&#8217;aprenentatge amb sentit!<\/p>\n<p>La segona jornada va transc\u00f3rrer a la casa de col\u00f2nies Can Oliver, de Pont\u00f3s. All\u00e0, els infants van poder fer tallers relacionats amb la prehist\u00f2ria per respondre la pregunta: L&#8217;\u00c9sser hum\u00e0 es mou des de temps ancestrals? Per qu\u00e8 ho feia llavors i per qu\u00e8 ho fa ara?<\/p>\n<p><img loading=\"lazy\" decoding=\"async\" class=\"aligncenter size-full wp-image-1496\" src=\"https:\/\/agora.xtec.cat\/zeremporda\/wp-content\/uploads\/usu2230\/2025\/07\/WhatsApp-Image-2025-06-25-at-1.58.55-PM-1.jpeg\" alt=\"\" width=\"1600\" height=\"1200\" srcset=\"https:\/\/agora.xtec.cat\/zeremporda\/wp-content\/uploads\/usu2230\/2025\/07\/WhatsApp-Image-2025-06-25-at-1.58.55-PM-1.jpeg 1600w, https:\/\/agora.xtec.cat\/zeremporda\/wp-content\/uploads\/usu2230\/2025\/07\/WhatsApp-Image-2025-06-25-at-1.58.55-PM-1-300x225.jpeg 300w, https:\/\/agora.xtec.cat\/zeremporda\/wp-content\/uploads\/usu2230\/2025\/07\/WhatsApp-Image-2025-06-25-at-1.58.55-PM-1-1024x768.jpeg 1024w, https:\/\/agora.xtec.cat\/zeremporda\/wp-content\/uploads\/usu2230\/2025\/07\/WhatsApp-Image-2025-06-25-at-1.58.55-PM-1-768x576.jpeg 768w, https:\/\/agora.xtec.cat\/zeremporda\/wp-content\/uploads\/usu2230\/2025\/07\/WhatsApp-Image-2025-06-25-at-1.58.55-PM-1-1536x1152.jpeg 1536w, https:\/\/agora.xtec.cat\/zeremporda\/wp-content\/uploads\/usu2230\/2025\/07\/WhatsApp-Image-2025-06-25-at-1.58.55-PM-1-200x150.jpeg 200w\" sizes=\"auto, (max-width: 1600px) 100vw, 1600px\" \/> <img loading=\"lazy\" decoding=\"async\" class=\"aligncenter size-full wp-image-1497\" src=\"https:\/\/agora.xtec.cat\/zeremporda\/wp-content\/uploads\/usu2230\/2025\/07\/WhatsApp-Image-2025-06-25-at-1.58.55-PM-2.jpeg\" alt=\"\" width=\"1600\" height=\"1200\" srcset=\"https:\/\/agora.xtec.cat\/zeremporda\/wp-content\/uploads\/usu2230\/2025\/07\/WhatsApp-Image-2025-06-25-at-1.58.55-PM-2.jpeg 1600w, https:\/\/agora.xtec.cat\/zeremporda\/wp-content\/uploads\/usu2230\/2025\/07\/WhatsApp-Image-2025-06-25-at-1.58.55-PM-2-300x225.jpeg 300w, https:\/\/agora.xtec.cat\/zeremporda\/wp-content\/uploads\/usu2230\/2025\/07\/WhatsApp-Image-2025-06-25-at-1.58.55-PM-2-1024x768.jpeg 1024w, https:\/\/agora.xtec.cat\/zeremporda\/wp-content\/uploads\/usu2230\/2025\/07\/WhatsApp-Image-2025-06-25-at-1.58.55-PM-2-768x576.jpeg 768w, https:\/\/agora.xtec.cat\/zeremporda\/wp-content\/uploads\/usu2230\/2025\/07\/WhatsApp-Image-2025-06-25-at-1.58.55-PM-2-1536x1152.jpeg 1536w, https:\/\/agora.xtec.cat\/zeremporda\/wp-content\/uploads\/usu2230\/2025\/07\/WhatsApp-Image-2025-06-25-at-1.58.55-PM-2-200x150.jpeg 200w\" sizes=\"auto, (max-width: 1600px) 100vw, 1600px\" \/> <img loading=\"lazy\" decoding=\"async\" class=\"aligncenter size-full wp-image-1498\" src=\"https:\/\/agora.xtec.cat\/zeremporda\/wp-content\/uploads\/usu2230\/2025\/07\/WhatsApp-Image-2025-06-25-at-1.58.55-PM.jpeg\" alt=\"\" width=\"2048\" height=\"1536\" srcset=\"https:\/\/agora.xtec.cat\/zeremporda\/wp-content\/uploads\/usu2230\/2025\/07\/WhatsApp-Image-2025-06-25-at-1.58.55-PM.jpeg 2048w, https:\/\/agora.xtec.cat\/zeremporda\/wp-content\/uploads\/usu2230\/2025\/07\/WhatsApp-Image-2025-06-25-at-1.58.55-PM-300x225.jpeg 300w, https:\/\/agora.xtec.cat\/zeremporda\/wp-content\/uploads\/usu2230\/2025\/07\/WhatsApp-Image-2025-06-25-at-1.58.55-PM-1024x768.jpeg 1024w, https:\/\/agora.xtec.cat\/zeremporda\/wp-content\/uploads\/usu2230\/2025\/07\/WhatsApp-Image-2025-06-25-at-1.58.55-PM-768x576.jpeg 768w, https:\/\/agora.xtec.cat\/zeremporda\/wp-content\/uploads\/usu2230\/2025\/07\/WhatsApp-Image-2025-06-25-at-1.58.55-PM-1536x1152.jpeg 1536w, https:\/\/agora.xtec.cat\/zeremporda\/wp-content\/uploads\/usu2230\/2025\/07\/WhatsApp-Image-2025-06-25-at-1.58.55-PM-200x150.jpeg 200w\" sizes=\"auto, (max-width: 2048px) 100vw, 2048px\" \/><\/p>\n","protected":false},"excerpt":{"rendered":"<p>Les Jornades de Cohesi\u00f3 portades a terme a l\u2019inici de curs tenen com a objectiu crear vincles entre infants i mestres de les diferents escoles. Aix\u00ed mateix, aquestes jornades s\u00f3n les que donen el tret de sortida del projecte a trav\u00e9s de diferents propostes. Al&hellip;  <a href=\"https:\/\/agora.xtec.cat\/zeremporda\/general\/jornades-de-cohesio-24-25\/\" title=\"Read Jornades de cohesi\u00f3 24-25\">Llegeix m\u00e9s\u00bb<\/a><\/p>\n","protected":false},"author":1,"featured_media":1498,"comment_status":"open","ping_status":"open","sticky":false,"template":"","format":"standard","meta":{"_bbp_topic_count":0,"_bbp_reply_count":0,"_bbp_total_topic_count":0,"_bbp_total_reply_count":0,"_bbp_voice_count":0,"_bbp_anonymous_reply_count":0,"_bbp_topic_count_hidden":0,"_bbp_reply_count_hidden":0,"_bbp_forum_subforum_count":0,"footnotes":""},"categories":[145,1],"tags":[],"class_list":["post-1495","post","type-post","status-publish","format-standard","has-post-thumbnail","hentry","category-curs-24-25","category-general"],"post_mailing_queue_ids":[],"_links":{"self":[{"href":"https:\/\/agora.xtec.cat\/zeremporda\/wp-json\/wp\/v2\/posts\/1495","targetHints":{"allow":["GET"]}}],"collection":[{"href":"https:\/\/agora.xtec.cat\/zeremporda\/wp-json\/wp\/v2\/posts"}],"about":[{"href":"https:\/\/agora.xtec.cat\/zeremporda\/wp-json\/wp\/v2\/types\/post"}],"author":[{"embeddable":true,"href":"https:\/\/agora.xtec.cat\/zeremporda\/wp-json\/wp\/v2\/users\/1"}],"replies":[{"embeddable":true,"href":"https:\/\/agora.xtec.cat\/zeremporda\/wp-json\/wp\/v2\/comments?post=1495"}],"version-history":[{"count":1,"href":"https:\/\/agora.xtec.cat\/zeremporda\/wp-json\/wp\/v2\/posts\/1495\/revisions"}],"predecessor-version":[{"id":1499,"href":"https:\/\/agora.xtec.cat\/zeremporda\/wp-json\/wp\/v2\/posts\/1495\/revisions\/1499"}],"wp:featuredmedia":[{"embeddable":true,"href":"https:\/\/agora.xtec.cat\/zeremporda\/wp-json\/wp\/v2\/media\/1498"}],"wp:attachment":[{"href":"https:\/\/agora.xtec.cat\/zeremporda\/wp-json\/wp\/v2\/media?parent=1495"}],"wp:term":[{"taxonomy":"category","embeddable":true,"href":"https:\/\/agora.xtec.cat\/zeremporda\/wp-json\/wp\/v2\/categories?post=1495"},{"taxonomy":"post_tag","embeddable":true,"href":"https:\/\/agora.xtec.cat\/zeremporda\/wp-json\/wp\/v2\/tags?post=1495"}],"curies":[{"name":"wp","href":"https:\/\/api.w.org\/{rel}","templated":true}]}}