{"id":1486,"date":"2025-02-20T22:46:39","date_gmt":"2025-02-20T21:46:39","guid":{"rendered":"https:\/\/agora.xtec.cat\/zeremporda\/?p=1486"},"modified":"2025-02-20T22:46:39","modified_gmt":"2025-02-20T21:46:39","slug":"portfoli-identitats","status":"publish","type":"post","link":"https:\/\/agora.xtec.cat\/zeremporda\/general\/portfoli-identitats\/","title":{"rendered":"PORTFOLI IDENTITATS"},"content":{"rendered":"<p>El portfoli permet a l&#8217;equip docent el recull i reflexi\u00f3 sobre la tasca educativa duta a terme. La tria d&#8217;imatges i de les paraules adequades submergeix a l&#8217;equip en una situaci\u00f3 de reflexi\u00f3 profunda, sobre el qu\u00e8, el com, el qui i els per a qu\u00e8 que s&#8217;han anat succeint al llarg del curs.<\/p>\n<p><a href=\"https:\/\/drive.google.com\/file\/d\/16wmICTDTjZia7SlnoZ96T_EOU6hH6HdY\/view?usp=drive_link\">PORTFOLI 23-24<\/a><\/p>\n<p><img loading=\"lazy\" decoding=\"async\" class=\"aligncenter size-full wp-image-1487\" src=\"https:\/\/agora.xtec.cat\/zeremporda\/wp-content\/uploads\/usu2230\/2025\/02\/Captura-de-pantalla-2025-02-20-224249.jpg\" alt=\"\" width=\"952\" height=\"670\" srcset=\"https:\/\/agora.xtec.cat\/zeremporda\/wp-content\/uploads\/usu2230\/2025\/02\/Captura-de-pantalla-2025-02-20-224249.jpg 952w, https:\/\/agora.xtec.cat\/zeremporda\/wp-content\/uploads\/usu2230\/2025\/02\/Captura-de-pantalla-2025-02-20-224249-300x211.jpg 300w, https:\/\/agora.xtec.cat\/zeremporda\/wp-content\/uploads\/usu2230\/2025\/02\/Captura-de-pantalla-2025-02-20-224249-768x541.jpg 768w\" sizes=\"auto, (max-width: 952px) 100vw, 952px\" \/><\/p>\n","protected":false},"excerpt":{"rendered":"<p>El portfoli permet a l&#8217;equip docent el recull i reflexi\u00f3 sobre la tasca educativa duta a terme. La tria d&#8217;imatges i de les paraules adequades submergeix a l&#8217;equip en una situaci\u00f3 de reflexi\u00f3 profunda, sobre el qu\u00e8, el com, el qui i els per a&hellip;  <a href=\"https:\/\/agora.xtec.cat\/zeremporda\/general\/portfoli-identitats\/\" title=\"Read PORTFOLI IDENTITATS\">Llegeix m\u00e9s\u00bb<\/a><\/p>\n","protected":false},"author":1,"featured_media":1487,"comment_status":"open","ping_status":"closed","sticky":false,"template":"","format":"standard","meta":{"_bbp_topic_count":0,"_bbp_reply_count":0,"_bbp_total_topic_count":0,"_bbp_total_reply_count":0,"_bbp_voice_count":0,"_bbp_anonymous_reply_count":0,"_bbp_topic_count_hidden":0,"_bbp_reply_count_hidden":0,"_bbp_forum_subforum_count":0,"footnotes":""},"categories":[144,1],"tags":[],"class_list":["post-1486","post","type-post","status-publish","format-standard","has-post-thumbnail","hentry","category-curs-2023-2024","category-general"],"post_mailing_queue_ids":[],"_links":{"self":[{"href":"https:\/\/agora.xtec.cat\/zeremporda\/wp-json\/wp\/v2\/posts\/1486","targetHints":{"allow":["GET"]}}],"collection":[{"href":"https:\/\/agora.xtec.cat\/zeremporda\/wp-json\/wp\/v2\/posts"}],"about":[{"href":"https:\/\/agora.xtec.cat\/zeremporda\/wp-json\/wp\/v2\/types\/post"}],"author":[{"embeddable":true,"href":"https:\/\/agora.xtec.cat\/zeremporda\/wp-json\/wp\/v2\/users\/1"}],"replies":[{"embeddable":true,"href":"https:\/\/agora.xtec.cat\/zeremporda\/wp-json\/wp\/v2\/comments?post=1486"}],"version-history":[{"count":1,"href":"https:\/\/agora.xtec.cat\/zeremporda\/wp-json\/wp\/v2\/posts\/1486\/revisions"}],"predecessor-version":[{"id":1488,"href":"https:\/\/agora.xtec.cat\/zeremporda\/wp-json\/wp\/v2\/posts\/1486\/revisions\/1488"}],"wp:featuredmedia":[{"embeddable":true,"href":"https:\/\/agora.xtec.cat\/zeremporda\/wp-json\/wp\/v2\/media\/1487"}],"wp:attachment":[{"href":"https:\/\/agora.xtec.cat\/zeremporda\/wp-json\/wp\/v2\/media?parent=1486"}],"wp:term":[{"taxonomy":"category","embeddable":true,"href":"https:\/\/agora.xtec.cat\/zeremporda\/wp-json\/wp\/v2\/categories?post=1486"},{"taxonomy":"post_tag","embeddable":true,"href":"https:\/\/agora.xtec.cat\/zeremporda\/wp-json\/wp\/v2\/tags?post=1486"}],"curies":[{"name":"wp","href":"https:\/\/api.w.org\/{rel}","templated":true}]}}