{"id":1483,"date":"2025-02-20T22:40:33","date_gmt":"2025-02-20T21:40:33","guid":{"rendered":"https:\/\/agora.xtec.cat\/zeremporda\/?p=1483"},"modified":"2025-02-20T22:40:33","modified_gmt":"2025-02-20T21:40:33","slug":"posada-en-escena24","status":"publish","type":"post","link":"https:\/\/agora.xtec.cat\/zeremporda\/general\/posada-en-escena24\/","title":{"rendered":"POSADA EN ESCENA&#8217;24!"},"content":{"rendered":"<p><span style=\"font-weight: 400;\">El comprom\u00eds de la ZER \u00e9s oferir espais de comunicaci\u00f3 oberta a la comunitat escolar. Programem cada any situacions d\u2019alt valor comunicatiu per explicar i donar a con\u00e8ixer els aprenentatges relacionats amb el projecte educatiu.\u00a0<\/span><\/p>\n<p><span style=\"font-weight: 400;\">En aquest cas, en el projecte IDENTITATS vam explorar esdevenir motor de coneixement cient\u00edfic i social sobre l\u2019evoluci\u00f3 i el valor del concepte identitat. Aquest viatge d\u2019investigaci\u00f3 va ser exposat a partir de p\u00f2sters de divulgaci\u00f3 cient\u00edfica i petites maquetes explicatives. Va caldre creativitat i rigorositat per divulgar amb m\u00faltiples llenguatges els diferents elements que poden composar la nostra identitat. El bressol que ens acull, el cos que creix, l\u2019altura de tota una comunitat, el color d\u2019ulls predominant, la formaci\u00f3 de l&#8217;embri\u00f3, la fecundaci\u00f3 humana,\u00a0 la reproducci\u00f3 assistida\u2026 diversitat de tem\u00e0tiques cient\u00edfiques .\u00a0<\/span><\/p>\n<p><span style=\"font-weight: 400;\">Una part important de la posada en escena \u00e9s experimentar amb l\u2019expressi\u00f3 del cos, tot oferint escenificacions dansades i teatralitzades sobre reflexions explorades als cercles.\u00a0<\/span><\/p>\n<p><span style=\"font-weight: 400;\">L\u2019expressi\u00f3 de la identitat de g\u00e8nere tamb\u00e9 va tenir un espai important dins les sales d\u2019exposicions. Cadascun dels infants de la comunitat dels mitjans va aportar un retall de la seva identitat cosit amb molt d\u2019amor i reflexi\u00f3.\u00a0<\/span><\/p>\n<p><span style=\"font-weight: 400;\">Comunicar en un entorn significatiu contribueix a la consolidaci\u00f3 dels mateixos aprenentatges i posa en valor l\u2019infant dins la comunitat.<\/span><\/p>\n<p><img loading=\"lazy\" decoding=\"async\" class=\"aligncenter size-full wp-image-1484\" src=\"https:\/\/agora.xtec.cat\/zeremporda\/wp-content\/uploads\/usu2230\/2025\/02\/Captura-de-pantalla-2025-02-20-223957.jpg\" alt=\"\" width=\"1120\" height=\"628\" srcset=\"https:\/\/agora.xtec.cat\/zeremporda\/wp-content\/uploads\/usu2230\/2025\/02\/Captura-de-pantalla-2025-02-20-223957.jpg 1120w, https:\/\/agora.xtec.cat\/zeremporda\/wp-content\/uploads\/usu2230\/2025\/02\/Captura-de-pantalla-2025-02-20-223957-300x168.jpg 300w, https:\/\/agora.xtec.cat\/zeremporda\/wp-content\/uploads\/usu2230\/2025\/02\/Captura-de-pantalla-2025-02-20-223957-1024x574.jpg 1024w, https:\/\/agora.xtec.cat\/zeremporda\/wp-content\/uploads\/usu2230\/2025\/02\/Captura-de-pantalla-2025-02-20-223957-768x431.jpg 768w\" sizes=\"auto, (max-width: 1120px) 100vw, 1120px\" \/><\/p>\n","protected":false},"excerpt":{"rendered":"<p>El comprom\u00eds de la ZER \u00e9s oferir espais de comunicaci\u00f3 oberta a la comunitat escolar. Programem cada any situacions d\u2019alt valor comunicatiu per explicar i donar a con\u00e8ixer els aprenentatges relacionats amb el projecte educatiu.\u00a0<br \/>\nEn aquest cas, en el projecte IDENTITATS vam explorar esdevenir motor&hellip;  <a href=\"https:\/\/agora.xtec.cat\/zeremporda\/general\/posada-en-escena24\/\" title=\"Read POSADA EN ESCENA&#8217;24!\">Llegeix m\u00e9s\u00bb<\/a><\/p>\n","protected":false},"author":1,"featured_media":1484,"comment_status":"open","ping_status":"closed","sticky":false,"template":"","format":"standard","meta":{"_bbp_topic_count":0,"_bbp_reply_count":0,"_bbp_total_topic_count":0,"_bbp_total_reply_count":0,"_bbp_voice_count":0,"_bbp_anonymous_reply_count":0,"_bbp_topic_count_hidden":0,"_bbp_reply_count_hidden":0,"_bbp_forum_subforum_count":0,"footnotes":""},"categories":[144,1],"tags":[],"class_list":["post-1483","post","type-post","status-publish","format-standard","has-post-thumbnail","hentry","category-curs-2023-2024","category-general"],"post_mailing_queue_ids":[],"_links":{"self":[{"href":"https:\/\/agora.xtec.cat\/zeremporda\/wp-json\/wp\/v2\/posts\/1483","targetHints":{"allow":["GET"]}}],"collection":[{"href":"https:\/\/agora.xtec.cat\/zeremporda\/wp-json\/wp\/v2\/posts"}],"about":[{"href":"https:\/\/agora.xtec.cat\/zeremporda\/wp-json\/wp\/v2\/types\/post"}],"author":[{"embeddable":true,"href":"https:\/\/agora.xtec.cat\/zeremporda\/wp-json\/wp\/v2\/users\/1"}],"replies":[{"embeddable":true,"href":"https:\/\/agora.xtec.cat\/zeremporda\/wp-json\/wp\/v2\/comments?post=1483"}],"version-history":[{"count":1,"href":"https:\/\/agora.xtec.cat\/zeremporda\/wp-json\/wp\/v2\/posts\/1483\/revisions"}],"predecessor-version":[{"id":1485,"href":"https:\/\/agora.xtec.cat\/zeremporda\/wp-json\/wp\/v2\/posts\/1483\/revisions\/1485"}],"wp:featuredmedia":[{"embeddable":true,"href":"https:\/\/agora.xtec.cat\/zeremporda\/wp-json\/wp\/v2\/media\/1484"}],"wp:attachment":[{"href":"https:\/\/agora.xtec.cat\/zeremporda\/wp-json\/wp\/v2\/media?parent=1483"}],"wp:term":[{"taxonomy":"category","embeddable":true,"href":"https:\/\/agora.xtec.cat\/zeremporda\/wp-json\/wp\/v2\/categories?post=1483"},{"taxonomy":"post_tag","embeddable":true,"href":"https:\/\/agora.xtec.cat\/zeremporda\/wp-json\/wp\/v2\/tags?post=1483"}],"curies":[{"name":"wp","href":"https:\/\/api.w.org\/{rel}","templated":true}]}}