{"id":1479,"date":"2025-02-20T22:34:58","date_gmt":"2025-02-20T21:34:58","guid":{"rendered":"https:\/\/agora.xtec.cat\/zeremporda\/?p=1479"},"modified":"2025-02-20T22:34:58","modified_gmt":"2025-02-20T21:34:58","slug":"viatge-empren-a-albanya","status":"publish","type":"post","link":"https:\/\/agora.xtec.cat\/zeremporda\/general\/viatge-empren-a-albanya\/","title":{"rendered":"Viatge Empr\u00e8n a Albany\u00e0"},"content":{"rendered":"<p>Cada curs, els nois i noies de cicle superior preparen el seu viatge de final de curs a trav\u00e9s d&#8217;un projecte d&#8217;emprenedoria! \u00c9s una oportunitat excepcional per a treballar les compet\u00e8ncia de ciutadania, emprenedoria i aprendre a aprendre, a trav\u00e9s de l&#8217;entorn virtual, ja que fan el projecte connectats online amb els seus companys i companyes de les cinc escoles!<\/p>\n<p>La dificultat \u00e9s m\u00e0xima, per\u00f2 la motivaci\u00f3 tamb\u00e9, ja que es tracta del seu viatge! Enguany, els criteris giraven entorn un parc natural. Per aix\u00f2, despr\u00e9s d&#8217;una investigaci\u00f3 a tots els nivells i molts acords, la decisi\u00f3 ens ha portat a descobrir l&#8217;entorn natural d&#8217;Albany\u00e0. Una ruta fins a Lliurona, la remuntada del riu, nit d&#8217;estels a l&#8217;observatori i bones estones a la piscina han servit per acomiadar el curs d&#8217;una forma molt especial!<\/p>\n<p><img loading=\"lazy\" decoding=\"async\" class=\"aligncenter size-full wp-image-1480\" src=\"https:\/\/agora.xtec.cat\/zeremporda\/wp-content\/uploads\/usu2230\/2025\/02\/IMG-20240528-WA0041.jpg\" alt=\"\" width=\"1600\" height=\"1200\" srcset=\"https:\/\/agora.xtec.cat\/zeremporda\/wp-content\/uploads\/usu2230\/2025\/02\/IMG-20240528-WA0041.jpg 1600w, https:\/\/agora.xtec.cat\/zeremporda\/wp-content\/uploads\/usu2230\/2025\/02\/IMG-20240528-WA0041-300x225.jpg 300w, https:\/\/agora.xtec.cat\/zeremporda\/wp-content\/uploads\/usu2230\/2025\/02\/IMG-20240528-WA0041-1024x768.jpg 1024w, https:\/\/agora.xtec.cat\/zeremporda\/wp-content\/uploads\/usu2230\/2025\/02\/IMG-20240528-WA0041-768x576.jpg 768w, https:\/\/agora.xtec.cat\/zeremporda\/wp-content\/uploads\/usu2230\/2025\/02\/IMG-20240528-WA0041-1536x1152.jpg 1536w, https:\/\/agora.xtec.cat\/zeremporda\/wp-content\/uploads\/usu2230\/2025\/02\/IMG-20240528-WA0041-200x150.jpg 200w\" sizes=\"auto, (max-width: 1600px) 100vw, 1600px\" \/> <img loading=\"lazy\" decoding=\"async\" class=\"aligncenter size-full wp-image-1481\" src=\"https:\/\/agora.xtec.cat\/zeremporda\/wp-content\/uploads\/usu2230\/2025\/02\/IMG-20240528-WA0045.jpg\" alt=\"\" width=\"1200\" height=\"1599\" srcset=\"https:\/\/agora.xtec.cat\/zeremporda\/wp-content\/uploads\/usu2230\/2025\/02\/IMG-20240528-WA0045.jpg 1200w, https:\/\/agora.xtec.cat\/zeremporda\/wp-content\/uploads\/usu2230\/2025\/02\/IMG-20240528-WA0045-225x300.jpg 225w, https:\/\/agora.xtec.cat\/zeremporda\/wp-content\/uploads\/usu2230\/2025\/02\/IMG-20240528-WA0045-768x1023.jpg 768w, https:\/\/agora.xtec.cat\/zeremporda\/wp-content\/uploads\/usu2230\/2025\/02\/IMG-20240528-WA0045-1153x1536.jpg 1153w\" sizes=\"auto, (max-width: 1200px) 100vw, 1200px\" \/><\/p>\n","protected":false},"excerpt":{"rendered":"<p>Cada curs, els nois i noies de cicle superior preparen el seu viatge de final de curs a trav\u00e9s d&#8217;un projecte d&#8217;emprenedoria! \u00c9s una oportunitat excepcional per a treballar les compet\u00e8ncia de ciutadania, emprenedoria i aprendre a aprendre, a trav\u00e9s de l&#8217;entorn virtual, ja que&hellip;  <a href=\"https:\/\/agora.xtec.cat\/zeremporda\/general\/viatge-empren-a-albanya\/\" title=\"Read Viatge Empr\u00e8n a Albany\u00e0\">Llegeix m\u00e9s\u00bb<\/a><\/p>\n","protected":false},"author":1,"featured_media":1480,"comment_status":"open","ping_status":"closed","sticky":false,"template":"","format":"standard","meta":{"_bbp_topic_count":0,"_bbp_reply_count":0,"_bbp_total_topic_count":0,"_bbp_total_reply_count":0,"_bbp_voice_count":0,"_bbp_anonymous_reply_count":0,"_bbp_topic_count_hidden":0,"_bbp_reply_count_hidden":0,"_bbp_forum_subforum_count":0,"footnotes":""},"categories":[144,1],"tags":[],"class_list":["post-1479","post","type-post","status-publish","format-standard","has-post-thumbnail","hentry","category-curs-2023-2024","category-general"],"post_mailing_queue_ids":[],"_links":{"self":[{"href":"https:\/\/agora.xtec.cat\/zeremporda\/wp-json\/wp\/v2\/posts\/1479","targetHints":{"allow":["GET"]}}],"collection":[{"href":"https:\/\/agora.xtec.cat\/zeremporda\/wp-json\/wp\/v2\/posts"}],"about":[{"href":"https:\/\/agora.xtec.cat\/zeremporda\/wp-json\/wp\/v2\/types\/post"}],"author":[{"embeddable":true,"href":"https:\/\/agora.xtec.cat\/zeremporda\/wp-json\/wp\/v2\/users\/1"}],"replies":[{"embeddable":true,"href":"https:\/\/agora.xtec.cat\/zeremporda\/wp-json\/wp\/v2\/comments?post=1479"}],"version-history":[{"count":1,"href":"https:\/\/agora.xtec.cat\/zeremporda\/wp-json\/wp\/v2\/posts\/1479\/revisions"}],"predecessor-version":[{"id":1482,"href":"https:\/\/agora.xtec.cat\/zeremporda\/wp-json\/wp\/v2\/posts\/1479\/revisions\/1482"}],"wp:featuredmedia":[{"embeddable":true,"href":"https:\/\/agora.xtec.cat\/zeremporda\/wp-json\/wp\/v2\/media\/1480"}],"wp:attachment":[{"href":"https:\/\/agora.xtec.cat\/zeremporda\/wp-json\/wp\/v2\/media?parent=1479"}],"wp:term":[{"taxonomy":"category","embeddable":true,"href":"https:\/\/agora.xtec.cat\/zeremporda\/wp-json\/wp\/v2\/categories?post=1479"},{"taxonomy":"post_tag","embeddable":true,"href":"https:\/\/agora.xtec.cat\/zeremporda\/wp-json\/wp\/v2\/tags?post=1479"}],"curies":[{"name":"wp","href":"https:\/\/api.w.org\/{rel}","templated":true}]}}