{"id":1473,"date":"2025-02-20T22:29:43","date_gmt":"2025-02-20T21:29:43","guid":{"rendered":"https:\/\/agora.xtec.cat\/zeremporda\/?p=1473"},"modified":"2025-02-20T22:29:43","modified_gmt":"2025-02-20T21:29:43","slug":"la-festa-major","status":"publish","type":"post","link":"https:\/\/agora.xtec.cat\/zeremporda\/general\/la-festa-major\/","title":{"rendered":"LA FESTA MAJOR"},"content":{"rendered":"<p><span style=\"font-weight: 400;\">Des de l&#8217;inici del projecte Identitats, els alumnes de la comunitat de mitjans es van interessar pels aspectes culturals i socials que conformen la nostra identitat.\u00a0<\/span><\/p>\n<p><span style=\"font-weight: 400;\">Les tradicions culturals formen part dels nostres pobles i comunitats. Els alumnes van iniciar un treball cooperatiu per entendre les festes majors dels nostres pobles. I en mica en mica van anar generant un coneixement compartit de com es feia una bona festa major. Per aquesta ra\u00f3 els alumnes van anar desgranant tots els elements la conformen com per exemple un cap gros de ZER tot anant a visitar el taller de Ventura Hosta de Navata.<\/span><\/p>\n<p><span style=\"font-weight: 400;\">Finalment, els \u00faltims dies del curs escolar tothom estava molt il.lusionat per fer realitat un desig molt especial com \u00e9s la celebraci\u00f3 d\u2019una festa major amb past\u00eds d\u2019aniversari i tot. Perqu\u00e8 vam celebrar el 25\u00e8 aniversari de la seva formaci\u00f3. Un gran esdeveniment amb m\u00fasica, banderoles, cap gros i balls de bastons que vam celebrar a Cistella!<\/span><\/p>\n<p><span style=\"font-weight: 400;\"> <img loading=\"lazy\" decoding=\"async\" class=\"aligncenter size-full wp-image-1474\" src=\"https:\/\/agora.xtec.cat\/zeremporda\/wp-content\/uploads\/usu2230\/2025\/02\/20240620_160608-scaled.jpg\" alt=\"\" width=\"2560\" height=\"1442\" srcset=\"https:\/\/agora.xtec.cat\/zeremporda\/wp-content\/uploads\/usu2230\/2025\/02\/20240620_160608-scaled.jpg 2560w, https:\/\/agora.xtec.cat\/zeremporda\/wp-content\/uploads\/usu2230\/2025\/02\/20240620_160608-300x169.jpg 300w, https:\/\/agora.xtec.cat\/zeremporda\/wp-content\/uploads\/usu2230\/2025\/02\/20240620_160608-1024x577.jpg 1024w, https:\/\/agora.xtec.cat\/zeremporda\/wp-content\/uploads\/usu2230\/2025\/02\/20240620_160608-768x432.jpg 768w, https:\/\/agora.xtec.cat\/zeremporda\/wp-content\/uploads\/usu2230\/2025\/02\/20240620_160608-1536x865.jpg 1536w, https:\/\/agora.xtec.cat\/zeremporda\/wp-content\/uploads\/usu2230\/2025\/02\/20240620_160608-2048x1153.jpg 2048w\" sizes=\"auto, (max-width: 2560px) 100vw, 2560px\" \/><\/span><\/p>\n","protected":false},"excerpt":{"rendered":"<p>Des de l&#8217;inici del projecte Identitats, els alumnes de la comunitat de mitjans es van interessar pels aspectes culturals i socials que conformen la nostra identitat.\u00a0<br \/>\nLes tradicions culturals formen part dels nostres pobles i comunitats. Els alumnes van iniciar un treball cooperatiu per entendre les&hellip;  <a href=\"https:\/\/agora.xtec.cat\/zeremporda\/general\/la-festa-major\/\" title=\"Read LA FESTA MAJOR\">Llegeix m\u00e9s\u00bb<\/a><\/p>\n","protected":false},"author":1,"featured_media":1475,"comment_status":"open","ping_status":"closed","sticky":false,"template":"","format":"standard","meta":{"_bbp_topic_count":0,"_bbp_reply_count":0,"_bbp_total_topic_count":0,"_bbp_total_reply_count":0,"_bbp_voice_count":0,"_bbp_anonymous_reply_count":0,"_bbp_topic_count_hidden":0,"_bbp_reply_count_hidden":0,"_bbp_forum_subforum_count":0,"footnotes":""},"categories":[144,1],"tags":[],"class_list":["post-1473","post","type-post","status-publish","format-standard","has-post-thumbnail","hentry","category-curs-2023-2024","category-general"],"post_mailing_queue_ids":[],"_links":{"self":[{"href":"https:\/\/agora.xtec.cat\/zeremporda\/wp-json\/wp\/v2\/posts\/1473","targetHints":{"allow":["GET"]}}],"collection":[{"href":"https:\/\/agora.xtec.cat\/zeremporda\/wp-json\/wp\/v2\/posts"}],"about":[{"href":"https:\/\/agora.xtec.cat\/zeremporda\/wp-json\/wp\/v2\/types\/post"}],"author":[{"embeddable":true,"href":"https:\/\/agora.xtec.cat\/zeremporda\/wp-json\/wp\/v2\/users\/1"}],"replies":[{"embeddable":true,"href":"https:\/\/agora.xtec.cat\/zeremporda\/wp-json\/wp\/v2\/comments?post=1473"}],"version-history":[{"count":1,"href":"https:\/\/agora.xtec.cat\/zeremporda\/wp-json\/wp\/v2\/posts\/1473\/revisions"}],"predecessor-version":[{"id":1476,"href":"https:\/\/agora.xtec.cat\/zeremporda\/wp-json\/wp\/v2\/posts\/1473\/revisions\/1476"}],"wp:featuredmedia":[{"embeddable":true,"href":"https:\/\/agora.xtec.cat\/zeremporda\/wp-json\/wp\/v2\/media\/1475"}],"wp:attachment":[{"href":"https:\/\/agora.xtec.cat\/zeremporda\/wp-json\/wp\/v2\/media?parent=1473"}],"wp:term":[{"taxonomy":"category","embeddable":true,"href":"https:\/\/agora.xtec.cat\/zeremporda\/wp-json\/wp\/v2\/categories?post=1473"},{"taxonomy":"post_tag","embeddable":true,"href":"https:\/\/agora.xtec.cat\/zeremporda\/wp-json\/wp\/v2\/tags?post=1473"}],"curies":[{"name":"wp","href":"https:\/\/api.w.org\/{rel}","templated":true}]}}