{"id":1467,"date":"2025-02-20T22:20:38","date_gmt":"2025-02-20T21:20:38","guid":{"rendered":"https:\/\/agora.xtec.cat\/zeremporda\/?p=1467"},"modified":"2025-02-20T22:30:58","modified_gmt":"2025-02-20T21:30:58","slug":"esculpim-la-nostra-identitat-projecte-artistic","status":"publish","type":"post","link":"https:\/\/agora.xtec.cat\/zeremporda\/general\/esculpim-la-nostra-identitat-projecte-artistic\/","title":{"rendered":"Esculpim la nostra identitat: projecte art\u00edstic"},"content":{"rendered":"<p>A partir de l&#8217;obra &#8220;Self creation&#8221; d&#8217;Eudald de Juana, els infants van iniciar un proc\u00e9s d&#8217;introspecci\u00f3 que els va dur a identificar all\u00f2 que els feia especials, la seva ess\u00e8ncia. Alhora, en paral\u00b7lel, la descoberta art\u00edstica els permetia entrar en contacte amb un vocabulari i unes t\u00e8cniques que m\u00e9s endavant els havien de permetre fer la seva pr\u00f2pia pe\u00e7a art\u00edstica. El vincle amb l&#8217;artista, a trav\u00e9s d&#8217;una visita al seu taller de Navata va ser l&#8217;impuls definitiu que va fer possible la implicaci\u00f3 emocional i art\u00edstica dels infants.<\/p>\n<p>Cadascuna de les peces tenia un llenguatge propi i reflectia el proc\u00e9s de treball personal de cada infant. Per\u00f2 juntes, formaven una aut\u00e8ntica col\u00b7lecci\u00f3, d&#8217;aix\u00f2 es tractava.<\/p>\n<p><img loading=\"lazy\" decoding=\"async\" class=\"aligncenter size-full wp-image-1468\" src=\"https:\/\/agora.xtec.cat\/zeremporda\/wp-content\/uploads\/usu2230\/2025\/02\/Captura-de-pantalla-2025-02-20-221638.jpg\" alt=\"\" width=\"574\" height=\"337\" srcset=\"https:\/\/agora.xtec.cat\/zeremporda\/wp-content\/uploads\/usu2230\/2025\/02\/Captura-de-pantalla-2025-02-20-221638.jpg 574w, https:\/\/agora.xtec.cat\/zeremporda\/wp-content\/uploads\/usu2230\/2025\/02\/Captura-de-pantalla-2025-02-20-221638-300x176.jpg 300w\" sizes=\"auto, (max-width: 574px) 100vw, 574px\" \/><img loading=\"lazy\" decoding=\"async\" class=\"aligncenter size-full wp-image-1469\" src=\"https:\/\/agora.xtec.cat\/zeremporda\/wp-content\/uploads\/usu2230\/2025\/02\/Captura-de-pantalla-2025-02-20-221843.jpg\" alt=\"\" width=\"939\" height=\"627\" srcset=\"https:\/\/agora.xtec.cat\/zeremporda\/wp-content\/uploads\/usu2230\/2025\/02\/Captura-de-pantalla-2025-02-20-221843.jpg 939w, https:\/\/agora.xtec.cat\/zeremporda\/wp-content\/uploads\/usu2230\/2025\/02\/Captura-de-pantalla-2025-02-20-221843-300x200.jpg 300w, https:\/\/agora.xtec.cat\/zeremporda\/wp-content\/uploads\/usu2230\/2025\/02\/Captura-de-pantalla-2025-02-20-221843-768x513.jpg 768w\" sizes=\"auto, (max-width: 939px) 100vw, 939px\" \/><img loading=\"lazy\" decoding=\"async\" class=\"aligncenter size-full wp-image-1470\" src=\"https:\/\/agora.xtec.cat\/zeremporda\/wp-content\/uploads\/usu2230\/2025\/02\/Captura-de-pantalla-2025-02-20-221957.jpg\" alt=\"\" width=\"834\" height=\"625\" srcset=\"https:\/\/agora.xtec.cat\/zeremporda\/wp-content\/uploads\/usu2230\/2025\/02\/Captura-de-pantalla-2025-02-20-221957.jpg 834w, https:\/\/agora.xtec.cat\/zeremporda\/wp-content\/uploads\/usu2230\/2025\/02\/Captura-de-pantalla-2025-02-20-221957-300x225.jpg 300w, https:\/\/agora.xtec.cat\/zeremporda\/wp-content\/uploads\/usu2230\/2025\/02\/Captura-de-pantalla-2025-02-20-221957-768x576.jpg 768w, https:\/\/agora.xtec.cat\/zeremporda\/wp-content\/uploads\/usu2230\/2025\/02\/Captura-de-pantalla-2025-02-20-221957-200x150.jpg 200w\" sizes=\"auto, (max-width: 834px) 100vw, 834px\" \/><\/p>\n<p><img loading=\"lazy\" decoding=\"async\" class=\"aligncenter size-full wp-image-1477\" src=\"https:\/\/agora.xtec.cat\/zeremporda\/wp-content\/uploads\/usu2230\/2025\/02\/20240618_094251-scaled.jpg\" alt=\"\" width=\"2560\" height=\"1442\" srcset=\"https:\/\/agora.xtec.cat\/zeremporda\/wp-content\/uploads\/usu2230\/2025\/02\/20240618_094251-scaled.jpg 2560w, https:\/\/agora.xtec.cat\/zeremporda\/wp-content\/uploads\/usu2230\/2025\/02\/20240618_094251-300x169.jpg 300w, https:\/\/agora.xtec.cat\/zeremporda\/wp-content\/uploads\/usu2230\/2025\/02\/20240618_094251-1024x577.jpg 1024w, https:\/\/agora.xtec.cat\/zeremporda\/wp-content\/uploads\/usu2230\/2025\/02\/20240618_094251-768x432.jpg 768w, https:\/\/agora.xtec.cat\/zeremporda\/wp-content\/uploads\/usu2230\/2025\/02\/20240618_094251-1536x865.jpg 1536w, https:\/\/agora.xtec.cat\/zeremporda\/wp-content\/uploads\/usu2230\/2025\/02\/20240618_094251-2048x1153.jpg 2048w\" sizes=\"auto, (max-width: 2560px) 100vw, 2560px\" \/><\/p>\n","protected":false},"excerpt":{"rendered":"<p>A partir de l&#8217;obra &#8220;Self creation&#8221; d&#8217;Eudald de Juana, els infants van iniciar un proc\u00e9s d&#8217;introspecci\u00f3 que els va dur a identificar all\u00f2 que els feia especials, la seva ess\u00e8ncia. Alhora, en paral\u00b7lel, la descoberta art\u00edstica els permetia entrar en contacte amb un vocabulari i&hellip;  <a href=\"https:\/\/agora.xtec.cat\/zeremporda\/general\/esculpim-la-nostra-identitat-projecte-artistic\/\" title=\"Read Esculpim la nostra identitat: projecte art\u00edstic\">Llegeix m\u00e9s\u00bb<\/a><\/p>\n","protected":false},"author":1,"featured_media":1469,"comment_status":"open","ping_status":"closed","sticky":false,"template":"","format":"standard","meta":{"_bbp_topic_count":0,"_bbp_reply_count":0,"_bbp_total_topic_count":0,"_bbp_total_reply_count":0,"_bbp_voice_count":0,"_bbp_anonymous_reply_count":0,"_bbp_topic_count_hidden":0,"_bbp_reply_count_hidden":0,"_bbp_forum_subforum_count":0,"footnotes":""},"categories":[144,1],"tags":[],"class_list":["post-1467","post","type-post","status-publish","format-standard","has-post-thumbnail","hentry","category-curs-2023-2024","category-general"],"post_mailing_queue_ids":[],"_links":{"self":[{"href":"https:\/\/agora.xtec.cat\/zeremporda\/wp-json\/wp\/v2\/posts\/1467","targetHints":{"allow":["GET"]}}],"collection":[{"href":"https:\/\/agora.xtec.cat\/zeremporda\/wp-json\/wp\/v2\/posts"}],"about":[{"href":"https:\/\/agora.xtec.cat\/zeremporda\/wp-json\/wp\/v2\/types\/post"}],"author":[{"embeddable":true,"href":"https:\/\/agora.xtec.cat\/zeremporda\/wp-json\/wp\/v2\/users\/1"}],"replies":[{"embeddable":true,"href":"https:\/\/agora.xtec.cat\/zeremporda\/wp-json\/wp\/v2\/comments?post=1467"}],"version-history":[{"count":2,"href":"https:\/\/agora.xtec.cat\/zeremporda\/wp-json\/wp\/v2\/posts\/1467\/revisions"}],"predecessor-version":[{"id":1478,"href":"https:\/\/agora.xtec.cat\/zeremporda\/wp-json\/wp\/v2\/posts\/1467\/revisions\/1478"}],"wp:featuredmedia":[{"embeddable":true,"href":"https:\/\/agora.xtec.cat\/zeremporda\/wp-json\/wp\/v2\/media\/1469"}],"wp:attachment":[{"href":"https:\/\/agora.xtec.cat\/zeremporda\/wp-json\/wp\/v2\/media?parent=1467"}],"wp:term":[{"taxonomy":"category","embeddable":true,"href":"https:\/\/agora.xtec.cat\/zeremporda\/wp-json\/wp\/v2\/categories?post=1467"},{"taxonomy":"post_tag","embeddable":true,"href":"https:\/\/agora.xtec.cat\/zeremporda\/wp-json\/wp\/v2\/tags?post=1467"}],"curies":[{"name":"wp","href":"https:\/\/api.w.org\/{rel}","templated":true}]}}