{"id":1447,"date":"2025-02-19T21:44:12","date_gmt":"2025-02-19T20:44:12","guid":{"rendered":"https:\/\/agora.xtec.cat\/zeremporda\/?p=1447"},"modified":"2025-02-19T22:13:09","modified_gmt":"2025-02-19T21:13:09","slug":"cosir-la-identitat","status":"publish","type":"post","link":"https:\/\/agora.xtec.cat\/zeremporda\/general\/cosir-la-identitat\/","title":{"rendered":"Cosir la identitat: el cam\u00ed d&#8217;un projecte personal a un projecte comunitari"},"content":{"rendered":"<p>Quan el desig d&#8217;aprenentatge d&#8217;un infant entra al circu\u00eft democr\u00e0tic que formen els delegats de la ZER, el repte esdev\u00e9 col\u00b7lectiu. Aix\u00f2 \u00e9s precisament el que ha passat amb el projecte de costura. Els infants han identificat el repte de costura com un proc\u00e9s idoni per a presentar una part de la seva identitat, la de g\u00e8nere. Cosir per representar-hi els colors, estampats i teixits que m\u00e9s els identifiquen, deixant de banda estereotips socials, i anant a la genu\u00eftat de cadascun d&#8217;ells i elles.<\/p>\n<p>El cam\u00ed del projecte de costura ha caminat en paral\u00b7lel a la reflexi\u00f3 sobre la creaci\u00f3 de la identitat d&#8217;un infant. I aix\u00ed \u00e9s com els m\u00e9s grans han identificat el producte elaborat pels mitjans com un element que ha d&#8217;arribar en mans dels infants nounats de l&#8217;Empord\u00e0.<\/p>\n<p>Aprendre per ser i comunicar per cr\u00e9ixer plegats. Aix\u00ed \u00e9s com entenen els nostres infants els Projectes de ZER. Podeu veure el proc\u00e9s de costura el el <a href=\"https:\/\/drive.google.com\/file\/d\/1tlXW8kRHSpXIg_yXHy1nVUTEB76Hf1OI\/view?usp=drive_link\">V\u00eddeo del projecte de Costura.<\/a><\/p>\n<blockquote><p><em>Equips de pediatria dels CAPs de B\u00e0scara, Vilafant i la Jonquera van rebre les caixes per entregar als nounats empordanesos.<\/em><\/p><\/blockquote>\n<p><img loading=\"lazy\" decoding=\"async\" class=\"aligncenter size-full wp-image-1455\" src=\"https:\/\/agora.xtec.cat\/zeremporda\/wp-content\/uploads\/usu2230\/2025\/02\/20240702_131507-scaled.jpg\" alt=\"\" width=\"2560\" height=\"1442\" srcset=\"https:\/\/agora.xtec.cat\/zeremporda\/wp-content\/uploads\/usu2230\/2025\/02\/20240702_131507-scaled.jpg 2560w, https:\/\/agora.xtec.cat\/zeremporda\/wp-content\/uploads\/usu2230\/2025\/02\/20240702_131507-300x169.jpg 300w, https:\/\/agora.xtec.cat\/zeremporda\/wp-content\/uploads\/usu2230\/2025\/02\/20240702_131507-1024x577.jpg 1024w, https:\/\/agora.xtec.cat\/zeremporda\/wp-content\/uploads\/usu2230\/2025\/02\/20240702_131507-768x432.jpg 768w, https:\/\/agora.xtec.cat\/zeremporda\/wp-content\/uploads\/usu2230\/2025\/02\/20240702_131507-1536x865.jpg 1536w, https:\/\/agora.xtec.cat\/zeremporda\/wp-content\/uploads\/usu2230\/2025\/02\/20240702_131507-2048x1153.jpg 2048w\" sizes=\"auto, (max-width: 2560px) 100vw, 2560px\" \/> <img loading=\"lazy\" decoding=\"async\" class=\"aligncenter size-full wp-image-1456\" src=\"https:\/\/agora.xtec.cat\/zeremporda\/wp-content\/uploads\/usu2230\/2025\/02\/20240702_132846-scaled.jpg\" alt=\"\" width=\"2560\" height=\"1442\" srcset=\"https:\/\/agora.xtec.cat\/zeremporda\/wp-content\/uploads\/usu2230\/2025\/02\/20240702_132846-scaled.jpg 2560w, https:\/\/agora.xtec.cat\/zeremporda\/wp-content\/uploads\/usu2230\/2025\/02\/20240702_132846-300x169.jpg 300w, https:\/\/agora.xtec.cat\/zeremporda\/wp-content\/uploads\/usu2230\/2025\/02\/20240702_132846-1024x577.jpg 1024w, https:\/\/agora.xtec.cat\/zeremporda\/wp-content\/uploads\/usu2230\/2025\/02\/20240702_132846-768x432.jpg 768w, https:\/\/agora.xtec.cat\/zeremporda\/wp-content\/uploads\/usu2230\/2025\/02\/20240702_132846-1536x865.jpg 1536w, https:\/\/agora.xtec.cat\/zeremporda\/wp-content\/uploads\/usu2230\/2025\/02\/20240702_132846-2048x1153.jpg 2048w\" sizes=\"auto, (max-width: 2560px) 100vw, 2560px\" \/><\/p>\n<p>&nbsp;<\/p>\n<p>&nbsp;<\/p>\n","protected":false},"excerpt":{"rendered":"<p>Quan el desig d&#8217;aprenentatge d&#8217;un infant entra al circu\u00eft democr\u00e0tic que formen els delegats de la ZER, el repte esdev\u00e9 col\u00b7lectiu. Aix\u00f2 \u00e9s precisament el que ha passat amb el projecte de costura. Els infants han identificat el repte de costura com un proc\u00e9s idoni&hellip;  <a href=\"https:\/\/agora.xtec.cat\/zeremporda\/general\/cosir-la-identitat\/\" title=\"Read Cosir la identitat: el cam\u00ed d&#8217;un projecte personal a un projecte comunitari\">Llegeix m\u00e9s\u00bb<\/a><\/p>\n","protected":false},"author":1,"featured_media":1448,"comment_status":"open","ping_status":"closed","sticky":false,"template":"","format":"standard","meta":{"_bbp_topic_count":0,"_bbp_reply_count":0,"_bbp_total_topic_count":0,"_bbp_total_reply_count":0,"_bbp_voice_count":0,"_bbp_anonymous_reply_count":0,"_bbp_topic_count_hidden":0,"_bbp_reply_count_hidden":0,"_bbp_forum_subforum_count":0,"footnotes":""},"categories":[144,1],"tags":[],"class_list":["post-1447","post","type-post","status-publish","format-standard","has-post-thumbnail","hentry","category-curs-2023-2024","category-general"],"post_mailing_queue_ids":[],"_links":{"self":[{"href":"https:\/\/agora.xtec.cat\/zeremporda\/wp-json\/wp\/v2\/posts\/1447","targetHints":{"allow":["GET"]}}],"collection":[{"href":"https:\/\/agora.xtec.cat\/zeremporda\/wp-json\/wp\/v2\/posts"}],"about":[{"href":"https:\/\/agora.xtec.cat\/zeremporda\/wp-json\/wp\/v2\/types\/post"}],"author":[{"embeddable":true,"href":"https:\/\/agora.xtec.cat\/zeremporda\/wp-json\/wp\/v2\/users\/1"}],"replies":[{"embeddable":true,"href":"https:\/\/agora.xtec.cat\/zeremporda\/wp-json\/wp\/v2\/comments?post=1447"}],"version-history":[{"count":3,"href":"https:\/\/agora.xtec.cat\/zeremporda\/wp-json\/wp\/v2\/posts\/1447\/revisions"}],"predecessor-version":[{"id":1457,"href":"https:\/\/agora.xtec.cat\/zeremporda\/wp-json\/wp\/v2\/posts\/1447\/revisions\/1457"}],"wp:featuredmedia":[{"embeddable":true,"href":"https:\/\/agora.xtec.cat\/zeremporda\/wp-json\/wp\/v2\/media\/1448"}],"wp:attachment":[{"href":"https:\/\/agora.xtec.cat\/zeremporda\/wp-json\/wp\/v2\/media?parent=1447"}],"wp:term":[{"taxonomy":"category","embeddable":true,"href":"https:\/\/agora.xtec.cat\/zeremporda\/wp-json\/wp\/v2\/categories?post=1447"},{"taxonomy":"post_tag","embeddable":true,"href":"https:\/\/agora.xtec.cat\/zeremporda\/wp-json\/wp\/v2\/tags?post=1447"}],"curies":[{"name":"wp","href":"https:\/\/api.w.org\/{rel}","templated":true}]}}