{"id":1438,"date":"2025-02-19T20:27:59","date_gmt":"2025-02-19T19:27:59","guid":{"rendered":"https:\/\/agora.xtec.cat\/zeremporda\/?p=1438"},"modified":"2025-02-19T20:27:59","modified_gmt":"2025-02-19T19:27:59","slug":"el-proces-cientific-a-la-comunitat-de-petits-el-color-dels-ulls","status":"publish","type":"post","link":"https:\/\/agora.xtec.cat\/zeremporda\/general\/el-proces-cientific-a-la-comunitat-de-petits-el-color-dels-ulls\/","title":{"rendered":"El proc\u00e9s cient\u00edfic a la comunitat de petits: El color dels ulls"},"content":{"rendered":"<p><span style=\"font-weight: 400;\">El proc\u00e9s cient\u00edfic amb els infants \u00e9s un dels reptes pedag\u00f2gics m\u00e9s grans que tenim a la ZER. Endinsar la comunitat dels m\u00e9s petits a fer hip\u00f2tesis, plantejar reptes, recollir dades, valorar-les i finalment comunicar-les pot ser d\u2019una gran dificultat. Per\u00f2 quan es tracta de fer-los part\u00edcips a ells tamb\u00e9 en una investigaci\u00f3 de ZER\u2026 tots i totes hi volem col.laborar.\u00a0<\/span><\/p>\n<p><span style=\"font-weight: 400;\">En el projecte Identitats ens hem plantejat dos grans processos cient\u00edfics, sempre partint de preguntes que poden observar directament i des dels seus interessos. De seguida se\u2019ls plantegen algunes preguntes referents al seu cos i el dels altres, com \u201ctothom t\u00e9 els ulls del mateix color?\u201d , \u201cDe quin color t\u00e9 els ulls la meva mare?, el meu pare tamb\u00e9 els t\u00e9 iguals?\u201d&#8230; fins a arribar a <\/span><span style=\"font-weight: 400;\">la pregunta que ens uneix a tots i totes, \u201cQuin color d\u2019ulls hi ha m\u00e9s?\u201d.\u00a0<\/span><\/p>\n<p><span style=\"font-weight: 400;\">Un altre repte ha estat mesurar les nostres al\u00e7ades i les dels companys\/es. Les propostes educatives sobre la mesura s&#8217;han portat a terme amb el propi cos, amb elements diferents que s&#8217;ajusten a les seves hip\u00f2tesis. De mica en mica les mans s&#8217;han posat a organitzar i reformular els llistons tot intentant trobar una escala de mesura.\u00a0<\/span><\/p>\n<p><span style=\"font-weight: 400;\"><img loading=\"lazy\" decoding=\"async\" class=\"aligncenter size-full wp-image-1439\" src=\"https:\/\/agora.xtec.cat\/zeremporda\/wp-content\/uploads\/usu2230\/2025\/02\/mesura_cos.jpg\" alt=\"\" width=\"2245\" height=\"1587\" srcset=\"https:\/\/agora.xtec.cat\/zeremporda\/wp-content\/uploads\/usu2230\/2025\/02\/mesura_cos.jpg 2245w, https:\/\/agora.xtec.cat\/zeremporda\/wp-content\/uploads\/usu2230\/2025\/02\/mesura_cos-300x212.jpg 300w, https:\/\/agora.xtec.cat\/zeremporda\/wp-content\/uploads\/usu2230\/2025\/02\/mesura_cos-1024x724.jpg 1024w, https:\/\/agora.xtec.cat\/zeremporda\/wp-content\/uploads\/usu2230\/2025\/02\/mesura_cos-768x543.jpg 768w, https:\/\/agora.xtec.cat\/zeremporda\/wp-content\/uploads\/usu2230\/2025\/02\/mesura_cos-1536x1086.jpg 1536w, https:\/\/agora.xtec.cat\/zeremporda\/wp-content\/uploads\/usu2230\/2025\/02\/mesura_cos-2048x1448.jpg 2048w\" sizes=\"auto, (max-width: 2245px) 100vw, 2245px\" \/> <img loading=\"lazy\" decoding=\"async\" class=\"aligncenter size-full wp-image-1440\" src=\"https:\/\/agora.xtec.cat\/zeremporda\/wp-content\/uploads\/usu2230\/2025\/02\/bressol-cientific.jpg\" alt=\"\" width=\"2245\" height=\"1587\" srcset=\"https:\/\/agora.xtec.cat\/zeremporda\/wp-content\/uploads\/usu2230\/2025\/02\/bressol-cientific.jpg 2245w, https:\/\/agora.xtec.cat\/zeremporda\/wp-content\/uploads\/usu2230\/2025\/02\/bressol-cientific-300x212.jpg 300w, https:\/\/agora.xtec.cat\/zeremporda\/wp-content\/uploads\/usu2230\/2025\/02\/bressol-cientific-1024x724.jpg 1024w, https:\/\/agora.xtec.cat\/zeremporda\/wp-content\/uploads\/usu2230\/2025\/02\/bressol-cientific-768x543.jpg 768w, https:\/\/agora.xtec.cat\/zeremporda\/wp-content\/uploads\/usu2230\/2025\/02\/bressol-cientific-1536x1086.jpg 1536w, https:\/\/agora.xtec.cat\/zeremporda\/wp-content\/uploads\/usu2230\/2025\/02\/bressol-cientific-2048x1448.jpg 2048w\" sizes=\"auto, (max-width: 2245px) 100vw, 2245px\" \/> <\/span><\/p>\n","protected":false},"excerpt":{"rendered":"<p>El proc\u00e9s cient\u00edfic amb els infants \u00e9s un dels reptes pedag\u00f2gics m\u00e9s grans que tenim a la ZER. Endinsar la comunitat dels m\u00e9s petits a fer hip\u00f2tesis, plantejar reptes, recollir dades, valorar-les i finalment comunicar-les pot ser d\u2019una gran dificultat. Per\u00f2 quan es tracta de&hellip;  <a href=\"https:\/\/agora.xtec.cat\/zeremporda\/general\/el-proces-cientific-a-la-comunitat-de-petits-el-color-dels-ulls\/\" title=\"Read El proc\u00e9s cient\u00edfic a la comunitat de petits: El color dels ulls\">Llegeix m\u00e9s\u00bb<\/a><\/p>\n","protected":false},"author":1,"featured_media":1439,"comment_status":"open","ping_status":"closed","sticky":false,"template":"","format":"standard","meta":{"_bbp_topic_count":0,"_bbp_reply_count":0,"_bbp_total_topic_count":0,"_bbp_total_reply_count":0,"_bbp_voice_count":0,"_bbp_anonymous_reply_count":0,"_bbp_topic_count_hidden":0,"_bbp_reply_count_hidden":0,"_bbp_forum_subforum_count":0,"footnotes":""},"categories":[144,1],"tags":[],"class_list":["post-1438","post","type-post","status-publish","format-standard","has-post-thumbnail","hentry","category-curs-2023-2024","category-general"],"post_mailing_queue_ids":[],"_links":{"self":[{"href":"https:\/\/agora.xtec.cat\/zeremporda\/wp-json\/wp\/v2\/posts\/1438","targetHints":{"allow":["GET"]}}],"collection":[{"href":"https:\/\/agora.xtec.cat\/zeremporda\/wp-json\/wp\/v2\/posts"}],"about":[{"href":"https:\/\/agora.xtec.cat\/zeremporda\/wp-json\/wp\/v2\/types\/post"}],"author":[{"embeddable":true,"href":"https:\/\/agora.xtec.cat\/zeremporda\/wp-json\/wp\/v2\/users\/1"}],"replies":[{"embeddable":true,"href":"https:\/\/agora.xtec.cat\/zeremporda\/wp-json\/wp\/v2\/comments?post=1438"}],"version-history":[{"count":3,"href":"https:\/\/agora.xtec.cat\/zeremporda\/wp-json\/wp\/v2\/posts\/1438\/revisions"}],"predecessor-version":[{"id":1444,"href":"https:\/\/agora.xtec.cat\/zeremporda\/wp-json\/wp\/v2\/posts\/1438\/revisions\/1444"}],"wp:featuredmedia":[{"embeddable":true,"href":"https:\/\/agora.xtec.cat\/zeremporda\/wp-json\/wp\/v2\/media\/1439"}],"wp:attachment":[{"href":"https:\/\/agora.xtec.cat\/zeremporda\/wp-json\/wp\/v2\/media?parent=1438"}],"wp:term":[{"taxonomy":"category","embeddable":true,"href":"https:\/\/agora.xtec.cat\/zeremporda\/wp-json\/wp\/v2\/categories?post=1438"},{"taxonomy":"post_tag","embeddable":true,"href":"https:\/\/agora.xtec.cat\/zeremporda\/wp-json\/wp\/v2\/tags?post=1438"}],"curies":[{"name":"wp","href":"https:\/\/api.w.org\/{rel}","templated":true}]}}