{"id":1412,"date":"2024-04-03T16:24:54","date_gmt":"2024-04-03T14:24:54","guid":{"rendered":"https:\/\/agora.xtec.cat\/zeremporda\/?p=1412"},"modified":"2024-04-03T16:24:54","modified_gmt":"2024-04-03T14:24:54","slug":"lautoavaluacio-una-part-fonamental-de-laprenentatge","status":"publish","type":"post","link":"https:\/\/agora.xtec.cat\/zeremporda\/general\/lautoavaluacio-una-part-fonamental-de-laprenentatge\/","title":{"rendered":"L&#8217;autoavaluaci\u00f3, una part fonamental de l&#8217;aprenentatge"},"content":{"rendered":"<p><span style=\"font-weight: 400;\">El projecte IDENTITATS ens permet aprofundir en la presa de consci\u00e8ncia de la pr\u00f2pia identitat en tots els seus <\/span><span style=\"font-weight: 400;\">aspectes. \u00c9s per aix\u00f2 que proporcionem a l\u2019alumnat temps i espais per a reflexionar sobre el seu propi proc\u00e9s d\u2019aprenentatge, per tal de con\u00e8ixer i argumentar-ne els punts forts i els possibles aspectes a millorar. Entenem les activitats d\u2019avaluaci\u00f3 com a part fonamental de l\u2019aprenentatge i no \u00fanicament com a resultat\u00a0 final del proc\u00e9s. Creiem que cal dotar a l\u2019infant d\u2019eines que li permetin con\u00e8ixer les caracter\u00edstiques, capacitats i potencialitats pr\u00f2pies, que el fan un individu \u00fanic i divers.<\/span><\/p>\n<p><span style=\"font-weight: 400;\">En aquest segon trimestre hem\u00a0 treballat conjuntament amb els infants\u00a0 un informe d\u2019autoavaluaci\u00f3 que els ha de permetre valorar tots aquells aprenentatges adquirits i aquells que encara queden per aconseguir o millorar. El document ha estat elaborat amb l\u2019acompanyament de cadascun dels mestres segons l\u2019\u00e0mbit que realitzen, i en finalitzar s\u2019ha revisat i compartit amb el tutor\/a en una entrevista personalitzada en la que s\u2019han marcat uns objectius de treball respecte al tercer trimestre.<\/span><\/p>\n<p><span style=\"font-weight: 400;\">A m\u00e9s a m\u00e9s, hem realitzat per primera vegada la sessi\u00f3 d\u2019avaluaci\u00f3 conjuntament amb els alumnes delegats de les comunitats dels grans de cada centre amb el claustre per tal de treballar plegats diversos aspectes: benestar amb un\u00a0 mateix i el grup, conviv\u00e8ncia i\u00a0 aprenentatges. Peri\u00f2dicament, s\u2019anir\u00e0 realitzant una revisi\u00f3 dels acords presos entre tot l\u2019alumnat per avaluar-ne l\u2019impacte.\u00a0<\/span><\/p>\n<p><span style=\"font-weight: 400;\">En definitiva, des de la ZER vetllem per seguir potenciant l\u2019autoconeixement per arribar a la millora i creixement personal aix\u00ed com a progressar com a col\u00b7lectiu dins la societat.<\/span><\/p>\n","protected":false},"excerpt":{"rendered":"<p>El projecte IDENTITATS ens permet aprofundir en la presa de consci\u00e8ncia de la pr\u00f2pia identitat en tots els seus aspectes. \u00c9s per aix\u00f2 que proporcionem a l\u2019alumnat temps i espais per a reflexionar sobre el seu propi proc\u00e9s d\u2019aprenentatge, per tal de con\u00e8ixer i argumentar-ne&hellip;  <a href=\"https:\/\/agora.xtec.cat\/zeremporda\/general\/lautoavaluacio-una-part-fonamental-de-laprenentatge\/\" title=\"Read L&#8217;autoavaluaci\u00f3, una part fonamental de l&#8217;aprenentatge\">Llegeix m\u00e9s\u00bb<\/a><\/p>\n","protected":false},"author":1,"featured_media":1413,"comment_status":"open","ping_status":"closed","sticky":false,"template":"","format":"standard","meta":{"_bbp_topic_count":0,"_bbp_reply_count":0,"_bbp_total_topic_count":0,"_bbp_total_reply_count":0,"_bbp_voice_count":0,"_bbp_anonymous_reply_count":0,"_bbp_topic_count_hidden":0,"_bbp_reply_count_hidden":0,"_bbp_forum_subforum_count":0,"footnotes":""},"categories":[1],"tags":[],"class_list":["post-1412","post","type-post","status-publish","format-standard","has-post-thumbnail","hentry","category-general"],"post_mailing_queue_ids":[],"_links":{"self":[{"href":"https:\/\/agora.xtec.cat\/zeremporda\/wp-json\/wp\/v2\/posts\/1412","targetHints":{"allow":["GET"]}}],"collection":[{"href":"https:\/\/agora.xtec.cat\/zeremporda\/wp-json\/wp\/v2\/posts"}],"about":[{"href":"https:\/\/agora.xtec.cat\/zeremporda\/wp-json\/wp\/v2\/types\/post"}],"author":[{"embeddable":true,"href":"https:\/\/agora.xtec.cat\/zeremporda\/wp-json\/wp\/v2\/users\/1"}],"replies":[{"embeddable":true,"href":"https:\/\/agora.xtec.cat\/zeremporda\/wp-json\/wp\/v2\/comments?post=1412"}],"version-history":[{"count":1,"href":"https:\/\/agora.xtec.cat\/zeremporda\/wp-json\/wp\/v2\/posts\/1412\/revisions"}],"predecessor-version":[{"id":1414,"href":"https:\/\/agora.xtec.cat\/zeremporda\/wp-json\/wp\/v2\/posts\/1412\/revisions\/1414"}],"wp:featuredmedia":[{"embeddable":true,"href":"https:\/\/agora.xtec.cat\/zeremporda\/wp-json\/wp\/v2\/media\/1413"}],"wp:attachment":[{"href":"https:\/\/agora.xtec.cat\/zeremporda\/wp-json\/wp\/v2\/media?parent=1412"}],"wp:term":[{"taxonomy":"category","embeddable":true,"href":"https:\/\/agora.xtec.cat\/zeremporda\/wp-json\/wp\/v2\/categories?post=1412"},{"taxonomy":"post_tag","embeddable":true,"href":"https:\/\/agora.xtec.cat\/zeremporda\/wp-json\/wp\/v2\/tags?post=1412"}],"curies":[{"name":"wp","href":"https:\/\/api.w.org\/{rel}","templated":true}]}}