{"id":1407,"date":"2024-04-03T15:59:13","date_gmt":"2024-04-03T13:59:13","guid":{"rendered":"https:\/\/agora.xtec.cat\/zeremporda\/?p=1407"},"modified":"2024-04-03T16:04:07","modified_gmt":"2024-04-03T14:04:07","slug":"self-creation-una-obra-que-ens-permet-fer-nos-a-nosaltres-mateixos","status":"publish","type":"post","link":"https:\/\/agora.xtec.cat\/zeremporda\/general\/self-creation-una-obra-que-ens-permet-fer-nos-a-nosaltres-mateixos\/","title":{"rendered":"Self-creation, una obra que ens permet fer-nos a nosaltres mateixos"},"content":{"rendered":"<p><span style=\"font-weight: 400;\">Fa uns dies, de forma inesperada, un nou element va apar\u00e8ixer a cadascuna de les aules de la comunitat de grans de la ZER. Qu\u00e8 \u00e9s? Qui l\u2019ha portat? Qu\u00e8 haurem de fer-ne? Els infants, nerviosos, es feien moltes preguntes davant de l\u2019objecte gran que havia aparegut a l\u2019aula tapat amb un llen\u00e7ol.\u00a0<\/span><\/p>\n<p><span style=\"font-weight: 400;\">Transcorreguts uns minuts d\u2019incertesa, vam descobrir l\u2019obra que es mostrava davant dels nostres ulls. Tota mena d\u2019emocions van embolcallar el moment. M\u00e9s tard hi posar\u00edem paraules: sorpresa, curiositat, inspiraci\u00f3, admiraci\u00f3, intriga, tristesa\u2026<\/span><\/p>\n<p><span style=\"font-weight: 400;\">El nou projecte ens portava a formular hip\u00f2tesis entorn l\u2019autor\/a, l\u2019obra i el projecte en s\u00ed, que tots enten\u00edem que s\u2019iniciava amb aquella activitat.<\/span><\/p>\n<p>&nbsp;<\/p>\n<p>&nbsp;<\/p>\n<p><span style=\"font-weight: 400;\">A partir d\u2019aquella primera descoberta, els equips de treball van fer una cerca que els va portar a esbrinar l\u2019autor i l\u2019obra: Self-creation d\u2019Eudald de Juana.<\/span><\/p>\n<p>&nbsp;<\/p>\n<p><span style=\"font-weight: 400;\">Educar la mirada amb noves perspectives, con\u00e8ixer referents culturals del nostre entorn, despertar emocions est\u00e8tiques\u2026 S\u00f3n alguns dels objectius que es pretenen en aquest projecte que neix del cor de la ZER dins el projecte Mirades i amb un fort vincle amb el projecte Identitats que ens ocupa aquest curs.<\/span><\/p>\n","protected":false},"excerpt":{"rendered":"<p>Fa uns dies, de forma inesperada, un nou element va apar\u00e8ixer a cadascuna de les aules de la comunitat de grans de la ZER. Qu\u00e8 \u00e9s? Qui l\u2019ha portat? Qu\u00e8 haurem de fer-ne? Els infants, nerviosos, es feien moltes preguntes davant de l\u2019objecte gran que&hellip;  <a href=\"https:\/\/agora.xtec.cat\/zeremporda\/general\/self-creation-una-obra-que-ens-permet-fer-nos-a-nosaltres-mateixos\/\" title=\"Read Self-creation, una obra que ens permet fer-nos a nosaltres mateixos\">Llegeix m\u00e9s\u00bb<\/a><\/p>\n","protected":false},"author":1,"featured_media":1411,"comment_status":"open","ping_status":"closed","sticky":false,"template":"","format":"standard","meta":{"_bbp_topic_count":0,"_bbp_reply_count":0,"_bbp_total_topic_count":0,"_bbp_total_reply_count":0,"_bbp_voice_count":0,"_bbp_anonymous_reply_count":0,"_bbp_topic_count_hidden":0,"_bbp_reply_count_hidden":0,"_bbp_forum_subforum_count":0,"footnotes":""},"categories":[1],"tags":[],"class_list":["post-1407","post","type-post","status-publish","format-standard","has-post-thumbnail","hentry","category-general"],"post_mailing_queue_ids":[],"_links":{"self":[{"href":"https:\/\/agora.xtec.cat\/zeremporda\/wp-json\/wp\/v2\/posts\/1407","targetHints":{"allow":["GET"]}}],"collection":[{"href":"https:\/\/agora.xtec.cat\/zeremporda\/wp-json\/wp\/v2\/posts"}],"about":[{"href":"https:\/\/agora.xtec.cat\/zeremporda\/wp-json\/wp\/v2\/types\/post"}],"author":[{"embeddable":true,"href":"https:\/\/agora.xtec.cat\/zeremporda\/wp-json\/wp\/v2\/users\/1"}],"replies":[{"embeddable":true,"href":"https:\/\/agora.xtec.cat\/zeremporda\/wp-json\/wp\/v2\/comments?post=1407"}],"version-history":[{"count":1,"href":"https:\/\/agora.xtec.cat\/zeremporda\/wp-json\/wp\/v2\/posts\/1407\/revisions"}],"predecessor-version":[{"id":1409,"href":"https:\/\/agora.xtec.cat\/zeremporda\/wp-json\/wp\/v2\/posts\/1407\/revisions\/1409"}],"wp:featuredmedia":[{"embeddable":true,"href":"https:\/\/agora.xtec.cat\/zeremporda\/wp-json\/wp\/v2\/media\/1411"}],"wp:attachment":[{"href":"https:\/\/agora.xtec.cat\/zeremporda\/wp-json\/wp\/v2\/media?parent=1407"}],"wp:term":[{"taxonomy":"category","embeddable":true,"href":"https:\/\/agora.xtec.cat\/zeremporda\/wp-json\/wp\/v2\/categories?post=1407"},{"taxonomy":"post_tag","embeddable":true,"href":"https:\/\/agora.xtec.cat\/zeremporda\/wp-json\/wp\/v2\/tags?post=1407"}],"curies":[{"name":"wp","href":"https:\/\/api.w.org\/{rel}","templated":true}]}}