{"id":1405,"date":"2024-04-03T15:54:42","date_gmt":"2024-04-03T13:54:42","guid":{"rendered":"https:\/\/agora.xtec.cat\/zeremporda\/?p=1405"},"modified":"2024-04-03T16:30:14","modified_gmt":"2024-04-03T14:30:14","slug":"dia-de-les-llengues-maternes","status":"publish","type":"post","link":"https:\/\/agora.xtec.cat\/zeremporda\/general\/dia-de-les-llengues-maternes\/","title":{"rendered":"Dia de les lleng\u00fces maternes"},"content":{"rendered":"<p><span style=\"font-weight: 400;\">El dia 1 de mar\u00e7 les diferents escoles de la ZER v\u00e0rem celebrar la jornada de les lleng\u00fces maternes. Durant el mat\u00ed, cada comunitat va poder gaudir de diferents tallers relacionats amb la tem\u00e0tica. Can\u00e7ons de bressol, n\u00favols de paraules, jocs tradicionals, i diferents exposicions dels treballs fets pels alumnes durant la setmana pr\u00e8via per tal de reivindicar la import\u00e0ncia de les nostres lleng\u00fces d\u2019origen. A la tarda, algunes fam\u00edlies es van afegir a la diada per compartir amb nosaltres diverses din\u00e0miques en la seva llengua. Vam gaudir molt\u00edssim d\u2019un dia en el qual vam veure la import\u00e0ncia que tenen les lleng\u00fces d\u2019origen en la nostra identitat cultural.<\/span><\/p>\n<p>&nbsp;<\/p>\n","protected":false},"excerpt":{"rendered":"<p>El dia 1 de mar\u00e7 les diferents escoles de la ZER v\u00e0rem celebrar la jornada de les lleng\u00fces maternes. Durant el mat\u00ed, cada comunitat va poder gaudir de diferents tallers relacionats amb la tem\u00e0tica. Can\u00e7ons de bressol, n\u00favols de paraules, jocs tradicionals, i diferents exposicions&hellip;  <a href=\"https:\/\/agora.xtec.cat\/zeremporda\/general\/dia-de-les-llengues-maternes\/\" title=\"Read Dia de les lleng\u00fces maternes\">Llegeix m\u00e9s\u00bb<\/a><\/p>\n","protected":false},"author":1,"featured_media":1415,"comment_status":"open","ping_status":"closed","sticky":false,"template":"","format":"standard","meta":{"_bbp_topic_count":0,"_bbp_reply_count":0,"_bbp_total_topic_count":0,"_bbp_total_reply_count":0,"_bbp_voice_count":0,"_bbp_anonymous_reply_count":0,"_bbp_topic_count_hidden":0,"_bbp_reply_count_hidden":0,"_bbp_forum_subforum_count":0,"footnotes":""},"categories":[144,1],"tags":[],"class_list":["post-1405","post","type-post","status-publish","format-standard","has-post-thumbnail","hentry","category-curs-2023-2024","category-general"],"post_mailing_queue_ids":[],"_links":{"self":[{"href":"https:\/\/agora.xtec.cat\/zeremporda\/wp-json\/wp\/v2\/posts\/1405","targetHints":{"allow":["GET"]}}],"collection":[{"href":"https:\/\/agora.xtec.cat\/zeremporda\/wp-json\/wp\/v2\/posts"}],"about":[{"href":"https:\/\/agora.xtec.cat\/zeremporda\/wp-json\/wp\/v2\/types\/post"}],"author":[{"embeddable":true,"href":"https:\/\/agora.xtec.cat\/zeremporda\/wp-json\/wp\/v2\/users\/1"}],"replies":[{"embeddable":true,"href":"https:\/\/agora.xtec.cat\/zeremporda\/wp-json\/wp\/v2\/comments?post=1405"}],"version-history":[{"count":1,"href":"https:\/\/agora.xtec.cat\/zeremporda\/wp-json\/wp\/v2\/posts\/1405\/revisions"}],"predecessor-version":[{"id":1406,"href":"https:\/\/agora.xtec.cat\/zeremporda\/wp-json\/wp\/v2\/posts\/1405\/revisions\/1406"}],"wp:featuredmedia":[{"embeddable":true,"href":"https:\/\/agora.xtec.cat\/zeremporda\/wp-json\/wp\/v2\/media\/1415"}],"wp:attachment":[{"href":"https:\/\/agora.xtec.cat\/zeremporda\/wp-json\/wp\/v2\/media?parent=1405"}],"wp:term":[{"taxonomy":"category","embeddable":true,"href":"https:\/\/agora.xtec.cat\/zeremporda\/wp-json\/wp\/v2\/categories?post=1405"},{"taxonomy":"post_tag","embeddable":true,"href":"https:\/\/agora.xtec.cat\/zeremporda\/wp-json\/wp\/v2\/tags?post=1405"}],"curies":[{"name":"wp","href":"https:\/\/api.w.org\/{rel}","templated":true}]}}