{"id":1394,"date":"2023-12-21T11:47:19","date_gmt":"2023-12-21T10:47:19","guid":{"rendered":"https:\/\/agora.xtec.cat\/zeremporda\/?p=1394"},"modified":"2023-12-21T11:55:51","modified_gmt":"2023-12-21T10:55:51","slug":"projecte-mirades-una-mirada-a-la-identitat-personal","status":"publish","type":"post","link":"https:\/\/agora.xtec.cat\/zeremporda\/general\/projecte-mirades-una-mirada-a-la-identitat-personal\/","title":{"rendered":"Projecte Mirades: Una mirada a la identitat personal"},"content":{"rendered":"<p>Aquest primer trimestre 23-24 hem dedicat el projecte Mirades a aprofundir en la pr\u00f2pia identitat personal. Ho hem fet a trav\u00e9s del nom, les emocions, ser infant i l&#8217;espai que ocupo al m\u00f3n. Cada escola ha fet el seu propi proc\u00e9s en base a la proposta compartida.<\/p>\n<p>Podeu llegir el desenvolupament que ha seguit l&#8217;escola de Pont de Molins en el seg\u00fcent tr\u00edptic.<\/p>\n<p><img loading=\"lazy\" decoding=\"async\" class=\"aligncenter size-full wp-image-1396\" src=\"https:\/\/agora.xtec.cat\/zeremporda\/wp-content\/uploads\/usu2230\/2023\/12\/1.png\" alt=\"\" width=\"2000\" height=\"1294\" srcset=\"https:\/\/agora.xtec.cat\/zeremporda\/wp-content\/uploads\/usu2230\/2023\/12\/1.png 2000w, https:\/\/agora.xtec.cat\/zeremporda\/wp-content\/uploads\/usu2230\/2023\/12\/1-300x194.png 300w, https:\/\/agora.xtec.cat\/zeremporda\/wp-content\/uploads\/usu2230\/2023\/12\/1-1024x663.png 1024w, https:\/\/agora.xtec.cat\/zeremporda\/wp-content\/uploads\/usu2230\/2023\/12\/1-768x497.png 768w, https:\/\/agora.xtec.cat\/zeremporda\/wp-content\/uploads\/usu2230\/2023\/12\/1-1536x994.png 1536w\" sizes=\"auto, (max-width: 2000px) 100vw, 2000px\" \/><img loading=\"lazy\" decoding=\"async\" class=\"aligncenter size-full wp-image-1397\" src=\"https:\/\/agora.xtec.cat\/zeremporda\/wp-content\/uploads\/usu2230\/2023\/12\/Captura-de-pantalla-2023-12-21-114626.jpg\" alt=\"\" width=\"1374\" height=\"886\" srcset=\"https:\/\/agora.xtec.cat\/zeremporda\/wp-content\/uploads\/usu2230\/2023\/12\/Captura-de-pantalla-2023-12-21-114626.jpg 1374w, https:\/\/agora.xtec.cat\/zeremporda\/wp-content\/uploads\/usu2230\/2023\/12\/Captura-de-pantalla-2023-12-21-114626-300x193.jpg 300w, https:\/\/agora.xtec.cat\/zeremporda\/wp-content\/uploads\/usu2230\/2023\/12\/Captura-de-pantalla-2023-12-21-114626-1024x660.jpg 1024w, https:\/\/agora.xtec.cat\/zeremporda\/wp-content\/uploads\/usu2230\/2023\/12\/Captura-de-pantalla-2023-12-21-114626-768x495.jpg 768w\" sizes=\"auto, (max-width: 1374px) 100vw, 1374px\" \/><\/p>\n","protected":false},"excerpt":{"rendered":"<p>Aquest primer trimestre 23-24 hem dedicat el projecte Mirades a aprofundir en la pr\u00f2pia identitat personal. Ho hem fet a trav\u00e9s del nom, les emocions, ser infant i l&#8217;espai que ocupo al m\u00f3n. Cada escola ha fet el seu propi proc\u00e9s en base a la&hellip;  <a href=\"https:\/\/agora.xtec.cat\/zeremporda\/general\/projecte-mirades-una-mirada-a-la-identitat-personal\/\" title=\"Read Projecte Mirades: Una mirada a la identitat personal\">Llegeix m\u00e9s\u00bb<\/a><\/p>\n","protected":false},"author":1,"featured_media":1396,"comment_status":"open","ping_status":"closed","sticky":false,"template":"","format":"standard","meta":{"_bbp_topic_count":0,"_bbp_reply_count":0,"_bbp_total_topic_count":0,"_bbp_total_reply_count":0,"_bbp_voice_count":0,"_bbp_anonymous_reply_count":0,"_bbp_topic_count_hidden":0,"_bbp_reply_count_hidden":0,"_bbp_forum_subforum_count":0,"footnotes":""},"categories":[144,1],"tags":[],"class_list":["post-1394","post","type-post","status-publish","format-standard","has-post-thumbnail","hentry","category-curs-2023-2024","category-general"],"post_mailing_queue_ids":[],"_links":{"self":[{"href":"https:\/\/agora.xtec.cat\/zeremporda\/wp-json\/wp\/v2\/posts\/1394","targetHints":{"allow":["GET"]}}],"collection":[{"href":"https:\/\/agora.xtec.cat\/zeremporda\/wp-json\/wp\/v2\/posts"}],"about":[{"href":"https:\/\/agora.xtec.cat\/zeremporda\/wp-json\/wp\/v2\/types\/post"}],"author":[{"embeddable":true,"href":"https:\/\/agora.xtec.cat\/zeremporda\/wp-json\/wp\/v2\/users\/1"}],"replies":[{"embeddable":true,"href":"https:\/\/agora.xtec.cat\/zeremporda\/wp-json\/wp\/v2\/comments?post=1394"}],"version-history":[{"count":3,"href":"https:\/\/agora.xtec.cat\/zeremporda\/wp-json\/wp\/v2\/posts\/1394\/revisions"}],"predecessor-version":[{"id":1399,"href":"https:\/\/agora.xtec.cat\/zeremporda\/wp-json\/wp\/v2\/posts\/1394\/revisions\/1399"}],"wp:featuredmedia":[{"embeddable":true,"href":"https:\/\/agora.xtec.cat\/zeremporda\/wp-json\/wp\/v2\/media\/1396"}],"wp:attachment":[{"href":"https:\/\/agora.xtec.cat\/zeremporda\/wp-json\/wp\/v2\/media?parent=1394"}],"wp:term":[{"taxonomy":"category","embeddable":true,"href":"https:\/\/agora.xtec.cat\/zeremporda\/wp-json\/wp\/v2\/categories?post=1394"},{"taxonomy":"post_tag","embeddable":true,"href":"https:\/\/agora.xtec.cat\/zeremporda\/wp-json\/wp\/v2\/tags?post=1394"}],"curies":[{"name":"wp","href":"https:\/\/api.w.org\/{rel}","templated":true}]}}