{"id":1388,"date":"2023-12-21T11:26:30","date_gmt":"2023-12-21T10:26:30","guid":{"rendered":"https:\/\/agora.xtec.cat\/zeremporda\/?p=1388"},"modified":"2023-12-21T12:31:53","modified_gmt":"2023-12-21T11:31:53","slug":"emporda-zer23-les-revistes-de-la-zer-emporda","status":"publish","type":"post","link":"https:\/\/agora.xtec.cat\/zeremporda\/general\/emporda-zer23-les-revistes-de-la-zer-emporda\/","title":{"rendered":"EMPORD\u00c0 ZER&#8217;23- Les revistes de la ZER Empord\u00e0"},"content":{"rendered":"<p>Quan s&#8217;acosta el final del 1r trimestre, les nostres escoles es converteixen en una redacci\u00f3 de deb\u00f2! Cadascuna de les comunitats posa per escrit i edita els articles que formaran part de la revista d&#8217;aquell projecte, enguany, el projecte Identitats.<\/p>\n<p>L&#8217;objectiu no \u00e9s aprendre a fer una revista, tot i que aquest es compleix de forma intr\u00ednseca. L&#8217;objectiu principal \u00e9s consolidar tots aquells aprenentatges fets durant el projecte, alhora que prendre consci\u00e8ncia de tot el viscut i difondre a la comunitat aquells aprenentatges que creiem que van m\u00e9s enll\u00e0 de la pr\u00f2pia escola. De forma individual o en petits equips de treball, els infants s&#8217;organitzen per posar per escrit aquelles viv\u00e8ncies que m\u00e9s de prop els han tocat. L&#8217;objectiu per l&#8217;equip docent \u00e9s clar:<\/p>\n<blockquote>\n<p style=\"text-align: center;\"><strong>&#8220;Aprendre a comunicar<\/strong><\/p>\n<p style=\"text-align: center;\"><strong>i comunicar per aprendre&#8221;<\/strong><\/p>\n<\/blockquote>\n<p>Cadascuna de les 5 revistes \u00e9s un petit tresor que els infants s&#8217;enduen de l&#8217;escola per fer m\u00e9s gran el projecte d&#8217;investigaci\u00f3.<\/p>\n<p>Tot seguit, podeu llegir els PDF digitals de les revistes de cadascuna de les escoles i la versi\u00f3 completa de la ZER. Esperem que en gaudiu tant com nosaltres!<\/p>\n<ul style=\"list-style-type: square;\">\n<li><a href=\"https:\/\/www.canva.com\/design\/DAFzgv3Jm0c\/zoLotUbYg9Fd5tV_3QceSw\/view?utm_content=DAFzgv3Jm0c&amp;utm_campaign=designshare&amp;utm_medium=link&amp;utm_source=editor\">Empord\u00e0 ZER Cistella<\/a><\/li>\n<li><a href=\"https:\/\/www.canva.com\/design\/DAFzgnMt1OA\/eLt1yi2oyH1ezdMTBvkj7g\/view?utm_content=DAFzgnMt1OA&amp;utm_campaign=designshare&amp;utm_medium=link&amp;utm_source=editor\">Empord\u00e0 ZER Garrig\u00e0s<\/a><\/li>\n<li><a href=\"https:\/\/www.canva.com\/design\/DAFzgoPytjo\/oSKOFAm2PaIO0d26-OhnZQ\/view?utm_content=DAFzgoPytjo&amp;utm_campaign=designshare&amp;utm_medium=link&amp;utm_source=editor\">Empord\u00e0 ZER Palau de Sta. Eul\u00e0lia<\/a><\/li>\n<li><a href=\"https:\/\/www.canva.com\/design\/DAFyrGLYVx8\/Wm1I8pv7iQYZiLOlj6xe5Q\/view?utm_content=DAFyrGLYVx8&amp;utm_campaign=designshare&amp;utm_medium=link&amp;utm_source=editor\">Empord\u00e0 ZER Pont de Molins<\/a><\/li>\n<li><a href=\"https:\/\/www.canva.com\/design\/DAFzgr3fjoM\/c1PnAHVG5XBxzrlj-ezAhw\/watch?utm_content=DAFzgr3fjoM&amp;utm_campaign=designshare&amp;utm_medium=link&amp;utm_source=editor\">Empord\u00e0 ZER Vilanant<\/a><\/li>\n<li><a href=\"https:\/\/www.canva.com\/design\/DAF18fwEVE0\/l5U5wOcKuu9khAsi-oQtsA\/watch?utm_content=DAF18fwEVE0&amp;utm_campaign=designshare&amp;utm_medium=link&amp;utm_source=editor\">Empord\u00e0 ZER versi\u00f3 completa<\/a><\/li>\n<\/ul>\n","protected":false},"excerpt":{"rendered":"<p>Quan s&#8217;acosta el final del 1r trimestre, les nostres escoles es converteixen en una redacci\u00f3 de deb\u00f2! Cadascuna de les comunitats posa per escrit i edita els articles que formaran part de la revista d&#8217;aquell projecte, enguany, el projecte Identitats.<br \/>\nL&#8217;objectiu no \u00e9s aprendre a fer&hellip;  <a href=\"https:\/\/agora.xtec.cat\/zeremporda\/general\/emporda-zer23-les-revistes-de-la-zer-emporda\/\" title=\"Read EMPORD\u00c0 ZER&#8217;23- Les revistes de la ZER Empord\u00e0\">Llegeix m\u00e9s\u00bb<\/a><\/p>\n","protected":false},"author":1,"featured_media":1393,"comment_status":"open","ping_status":"closed","sticky":false,"template":"","format":"standard","meta":{"_bbp_topic_count":0,"_bbp_reply_count":0,"_bbp_total_topic_count":0,"_bbp_total_reply_count":0,"_bbp_voice_count":0,"_bbp_anonymous_reply_count":0,"_bbp_topic_count_hidden":0,"_bbp_reply_count_hidden":0,"_bbp_forum_subforum_count":0,"footnotes":""},"categories":[144,1],"tags":[],"class_list":["post-1388","post","type-post","status-publish","format-standard","has-post-thumbnail","hentry","category-curs-2023-2024","category-general"],"post_mailing_queue_ids":[],"_links":{"self":[{"href":"https:\/\/agora.xtec.cat\/zeremporda\/wp-json\/wp\/v2\/posts\/1388","targetHints":{"allow":["GET"]}}],"collection":[{"href":"https:\/\/agora.xtec.cat\/zeremporda\/wp-json\/wp\/v2\/posts"}],"about":[{"href":"https:\/\/agora.xtec.cat\/zeremporda\/wp-json\/wp\/v2\/types\/post"}],"author":[{"embeddable":true,"href":"https:\/\/agora.xtec.cat\/zeremporda\/wp-json\/wp\/v2\/users\/1"}],"replies":[{"embeddable":true,"href":"https:\/\/agora.xtec.cat\/zeremporda\/wp-json\/wp\/v2\/comments?post=1388"}],"version-history":[{"count":3,"href":"https:\/\/agora.xtec.cat\/zeremporda\/wp-json\/wp\/v2\/posts\/1388\/revisions"}],"predecessor-version":[{"id":1403,"href":"https:\/\/agora.xtec.cat\/zeremporda\/wp-json\/wp\/v2\/posts\/1388\/revisions\/1403"}],"wp:featuredmedia":[{"embeddable":true,"href":"https:\/\/agora.xtec.cat\/zeremporda\/wp-json\/wp\/v2\/media\/1393"}],"wp:attachment":[{"href":"https:\/\/agora.xtec.cat\/zeremporda\/wp-json\/wp\/v2\/media?parent=1388"}],"wp:term":[{"taxonomy":"category","embeddable":true,"href":"https:\/\/agora.xtec.cat\/zeremporda\/wp-json\/wp\/v2\/categories?post=1388"},{"taxonomy":"post_tag","embeddable":true,"href":"https:\/\/agora.xtec.cat\/zeremporda\/wp-json\/wp\/v2\/tags?post=1388"}],"curies":[{"name":"wp","href":"https:\/\/api.w.org\/{rel}","templated":true}]}}