{"id":1384,"date":"2023-12-21T11:11:34","date_gmt":"2023-12-21T10:11:34","guid":{"rendered":"https:\/\/agora.xtec.cat\/zeremporda\/?p=1384"},"modified":"2024-01-08T20:00:06","modified_gmt":"2024-01-08T19:00:06","slug":"la-zer-al-parlament-de-catalunya","status":"publish","type":"post","link":"https:\/\/agora.xtec.cat\/zeremporda\/general\/la-zer-al-parlament-de-catalunya\/","title":{"rendered":"La ZER al Parlament de Catalunya"},"content":{"rendered":"<p>Aquest trimestre, els infants de la Comunitat de mitjans i de grans van rebre un enc\u00e0rrec molt especial: anar al Parlament de Catalunya a explicar com s\u00f3n i qu\u00e8 necessiten les escoles rurals del nostre pa\u00eds. Despr\u00e9s d&#8217;una assemblea durant les jornades de cohesi\u00f3, tot l&#8217;equip van decidir que els delegats i delegades de les 5 escoles eren les persones indicades per assumir el gran repte, i plegats ens vam posar a treballar. Hav\u00edem d&#8217;entendre amb profunditat qu\u00e8 volia dir rural, i en especial, escola rural i quines eren les seves fortaleses i necessitats. No vam tardar gaire en entendre que tot all\u00f2 parlava de la nostra identitat, i aix\u00f2 va fer que els infants s&#8217;aferressin a l&#8217;aprenentatge de forma molt especial i significativa. Preguntant a casa, a les mestres, als ve\u00efns i ve\u00efnes, vam anar confegint totes aquelles idees que vam organitzar en forma de text argumentatiu!<\/p>\n<p>I per fi va arribar el gran dia! Est\u00e0vem nerviosos per\u00f2 molt il\u00b7lusionats! Carpeta en m\u00e0 els delegats van entrar al Parlament de Catalunya per fer una primera reuni\u00f3 amb la Consellera i amb les comissions d&#8217;Inf\u00e0ncia i d&#8217;Educaci\u00f3, mentre els companys i companyes els acomiad\u00e0vem a la porta amb tota la il\u00b7lusi\u00f3 i la confian\u00e7a que eren els millors representants que pod\u00edem tenir!<\/p>\n<p>La reuni\u00f3 va ser molt interessants. No cal dir que els delegats i delegades ho van fer molt i molt b\u00e9, i els diputats i diputades els van preguntar i contestar tot all\u00f2 que van creure oport\u00fa per entendre les nostres escoles rurals.<\/p>\n<p>A la tarda, tots junts, despr\u00e9s de dinar a la Ciutadella, vam entrar al Parlament per fer-hi la visita guiada, i un cop a l&#8217;hemicicle els delegats i delegades ens van llegir el discurs al faristol, per tal que tots i totes el pogu\u00e9ssim sentir!<\/p>\n<p>Va ser una jornada que passar\u00e0 al record de tots com un dels moments m\u00e9s importants de la nostra vida!<\/p>\n<p style=\"text-align: center;\">Podeu veure el recull de fotos<a href=\"https:\/\/drive.google.com\/drive\/folders\/1RqDpyCL16CiVblJTKqZSS1SJNia_CMUF?usp=sharing\"> AQU\u00cd.<\/a><\/p>\n<p style=\"text-align: center;\">Podeu llegir el discurs sense <a href=\"https:\/\/docs.google.com\/document\/d\/1AUQ8WvDjnLFq4ycY1B6oKRx2mEOuaKxCLbqdiOMS4v8\/edit?usp=sharing\">AQU\u00cd<\/a>.<\/p>\n<p style=\"text-align: center;\">Podeu gaudir el v\u00eddeo resum de l&#8217;experi\u00e8ncia <a href=\"https:\/\/drive.google.com\/file\/d\/1Zbe3TQQLa7iQfnBypte0Z4lxffkKuWZm\/view?usp=sharing\">AQU\u00cd<\/a>.<\/p>\n","protected":false},"excerpt":{"rendered":"<p>Aquest trimestre, els infants de la Comunitat de mitjans i de grans van rebre un enc\u00e0rrec molt especial: anar al Parlament de Catalunya a explicar com s\u00f3n i qu\u00e8 necessiten les escoles rurals del nostre pa\u00eds. Despr\u00e9s d&#8217;una assemblea durant les jornades de cohesi\u00f3, tot&hellip;  <a href=\"https:\/\/agora.xtec.cat\/zeremporda\/general\/la-zer-al-parlament-de-catalunya\/\" title=\"Read La ZER al Parlament de Catalunya\">Llegeix m\u00e9s\u00bb<\/a><\/p>\n","protected":false},"author":1,"featured_media":1386,"comment_status":"open","ping_status":"closed","sticky":false,"template":"","format":"standard","meta":{"_bbp_topic_count":0,"_bbp_reply_count":0,"_bbp_total_topic_count":0,"_bbp_total_reply_count":0,"_bbp_voice_count":0,"_bbp_anonymous_reply_count":0,"_bbp_topic_count_hidden":0,"_bbp_reply_count_hidden":0,"_bbp_forum_subforum_count":0,"footnotes":""},"categories":[1],"tags":[],"class_list":["post-1384","post","type-post","status-publish","format-standard","has-post-thumbnail","hentry","category-general"],"post_mailing_queue_ids":[],"_links":{"self":[{"href":"https:\/\/agora.xtec.cat\/zeremporda\/wp-json\/wp\/v2\/posts\/1384","targetHints":{"allow":["GET"]}}],"collection":[{"href":"https:\/\/agora.xtec.cat\/zeremporda\/wp-json\/wp\/v2\/posts"}],"about":[{"href":"https:\/\/agora.xtec.cat\/zeremporda\/wp-json\/wp\/v2\/types\/post"}],"author":[{"embeddable":true,"href":"https:\/\/agora.xtec.cat\/zeremporda\/wp-json\/wp\/v2\/users\/1"}],"replies":[{"embeddable":true,"href":"https:\/\/agora.xtec.cat\/zeremporda\/wp-json\/wp\/v2\/comments?post=1384"}],"version-history":[{"count":5,"href":"https:\/\/agora.xtec.cat\/zeremporda\/wp-json\/wp\/v2\/posts\/1384\/revisions"}],"predecessor-version":[{"id":1401,"href":"https:\/\/agora.xtec.cat\/zeremporda\/wp-json\/wp\/v2\/posts\/1384\/revisions\/1401"}],"wp:featuredmedia":[{"embeddable":true,"href":"https:\/\/agora.xtec.cat\/zeremporda\/wp-json\/wp\/v2\/media\/1386"}],"wp:attachment":[{"href":"https:\/\/agora.xtec.cat\/zeremporda\/wp-json\/wp\/v2\/media?parent=1384"}],"wp:term":[{"taxonomy":"category","embeddable":true,"href":"https:\/\/agora.xtec.cat\/zeremporda\/wp-json\/wp\/v2\/categories?post=1384"},{"taxonomy":"post_tag","embeddable":true,"href":"https:\/\/agora.xtec.cat\/zeremporda\/wp-json\/wp\/v2\/tags?post=1384"}],"curies":[{"name":"wp","href":"https:\/\/api.w.org\/{rel}","templated":true}]}}