{"id":1361,"date":"2023-12-21T10:25:55","date_gmt":"2023-12-21T09:25:55","guid":{"rendered":"https:\/\/agora.xtec.cat\/zeremporda\/?p=1361"},"modified":"2023-12-21T10:25:55","modified_gmt":"2023-12-21T09:25:55","slug":"la-xarxa-de-coneixements","status":"publish","type":"post","link":"https:\/\/agora.xtec.cat\/zeremporda\/general\/la-xarxa-de-coneixements\/","title":{"rendered":"La xarxa de coneixements"},"content":{"rendered":"<p>La Xarxa de Coneixements ens acompanya en cada projecte i en cadascuna de les comunitats. La xarxa \u00e9s un instrument que ens permet situar-nos temporalment dins un projecte de llarga durada i definir-hi el proc\u00e9s de construcci\u00f3 (punt de partida, repte, objectius&#8230;), per\u00f2 alhora i no menys important, \u00e9s una eina de metacognici\u00f3, que permet als infants evocar, recuperar, posar paraules, planificar i estructurar tots aquells aprenentatges que es van succeint al llarg del trimestre. <img loading=\"lazy\" decoding=\"async\" class=\"aligncenter size-full wp-image-1362\" src=\"https:\/\/agora.xtec.cat\/zeremporda\/wp-content\/uploads\/usu2230\/2023\/12\/Pont-grans-3-scaled.jpg\" alt=\"\" width=\"2560\" height=\"1442\" srcset=\"https:\/\/agora.xtec.cat\/zeremporda\/wp-content\/uploads\/usu2230\/2023\/12\/Pont-grans-3-scaled.jpg 2560w, https:\/\/agora.xtec.cat\/zeremporda\/wp-content\/uploads\/usu2230\/2023\/12\/Pont-grans-3-300x169.jpg 300w, https:\/\/agora.xtec.cat\/zeremporda\/wp-content\/uploads\/usu2230\/2023\/12\/Pont-grans-3-1024x577.jpg 1024w, https:\/\/agora.xtec.cat\/zeremporda\/wp-content\/uploads\/usu2230\/2023\/12\/Pont-grans-3-768x432.jpg 768w, https:\/\/agora.xtec.cat\/zeremporda\/wp-content\/uploads\/usu2230\/2023\/12\/Pont-grans-3-1536x865.jpg 1536w, https:\/\/agora.xtec.cat\/zeremporda\/wp-content\/uploads\/usu2230\/2023\/12\/Pont-grans-3-2048x1153.jpg 2048w\" sizes=\"auto, (max-width: 2560px) 100vw, 2560px\" \/> <img loading=\"lazy\" decoding=\"async\" class=\"aligncenter size-full wp-image-1363\" src=\"https:\/\/agora.xtec.cat\/zeremporda\/wp-content\/uploads\/usu2230\/2023\/12\/Pont-grans-2-scaled.jpg\" alt=\"\" width=\"2560\" height=\"1441\" srcset=\"https:\/\/agora.xtec.cat\/zeremporda\/wp-content\/uploads\/usu2230\/2023\/12\/Pont-grans-2-scaled.jpg 2560w, https:\/\/agora.xtec.cat\/zeremporda\/wp-content\/uploads\/usu2230\/2023\/12\/Pont-grans-2-300x169.jpg 300w, https:\/\/agora.xtec.cat\/zeremporda\/wp-content\/uploads\/usu2230\/2023\/12\/Pont-grans-2-1024x577.jpg 1024w, https:\/\/agora.xtec.cat\/zeremporda\/wp-content\/uploads\/usu2230\/2023\/12\/Pont-grans-2-768x432.jpg 768w, https:\/\/agora.xtec.cat\/zeremporda\/wp-content\/uploads\/usu2230\/2023\/12\/Pont-grans-2-1536x865.jpg 1536w, https:\/\/agora.xtec.cat\/zeremporda\/wp-content\/uploads\/usu2230\/2023\/12\/Pont-grans-2-2048x1153.jpg 2048w\" sizes=\"auto, (max-width: 2560px) 100vw, 2560px\" \/> <img loading=\"lazy\" decoding=\"async\" class=\"aligncenter size-full wp-image-1364\" src=\"https:\/\/agora.xtec.cat\/zeremporda\/wp-content\/uploads\/usu2230\/2023\/12\/Pont-grans-1.jpg\" alt=\"\" width=\"1599\" height=\"899\" srcset=\"https:\/\/agora.xtec.cat\/zeremporda\/wp-content\/uploads\/usu2230\/2023\/12\/Pont-grans-1.jpg 1599w, https:\/\/agora.xtec.cat\/zeremporda\/wp-content\/uploads\/usu2230\/2023\/12\/Pont-grans-1-300x169.jpg 300w, https:\/\/agora.xtec.cat\/zeremporda\/wp-content\/uploads\/usu2230\/2023\/12\/Pont-grans-1-1024x576.jpg 1024w, https:\/\/agora.xtec.cat\/zeremporda\/wp-content\/uploads\/usu2230\/2023\/12\/Pont-grans-1-768x432.jpg 768w, https:\/\/agora.xtec.cat\/zeremporda\/wp-content\/uploads\/usu2230\/2023\/12\/Pont-grans-1-1536x864.jpg 1536w\" sizes=\"auto, (max-width: 1599px) 100vw, 1599px\" \/> <img loading=\"lazy\" decoding=\"async\" class=\"aligncenter size-full wp-image-1365\" src=\"https:\/\/agora.xtec.cat\/zeremporda\/wp-content\/uploads\/usu2230\/2023\/12\/Pont-grans.jpg\" alt=\"\" width=\"899\" height=\"1599\" srcset=\"https:\/\/agora.xtec.cat\/zeremporda\/wp-content\/uploads\/usu2230\/2023\/12\/Pont-grans.jpg 899w, https:\/\/agora.xtec.cat\/zeremporda\/wp-content\/uploads\/usu2230\/2023\/12\/Pont-grans-169x300.jpg 169w, https:\/\/agora.xtec.cat\/zeremporda\/wp-content\/uploads\/usu2230\/2023\/12\/Pont-grans-576x1024.jpg 576w, https:\/\/agora.xtec.cat\/zeremporda\/wp-content\/uploads\/usu2230\/2023\/12\/Pont-grans-768x1366.jpg 768w, https:\/\/agora.xtec.cat\/zeremporda\/wp-content\/uploads\/usu2230\/2023\/12\/Pont-grans-864x1536.jpg 864w\" sizes=\"auto, (max-width: 899px) 100vw, 899px\" \/> <img loading=\"lazy\" decoding=\"async\" class=\"aligncenter size-full wp-image-1366\" src=\"https:\/\/agora.xtec.cat\/zeremporda\/wp-content\/uploads\/usu2230\/2023\/12\/Pont-de-Molins-mitjans-scaled.jpg\" alt=\"\" width=\"2560\" height=\"1837\" srcset=\"https:\/\/agora.xtec.cat\/zeremporda\/wp-content\/uploads\/usu2230\/2023\/12\/Pont-de-Molins-mitjans-scaled.jpg 2560w, https:\/\/agora.xtec.cat\/zeremporda\/wp-content\/uploads\/usu2230\/2023\/12\/Pont-de-Molins-mitjans-300x215.jpg 300w, https:\/\/agora.xtec.cat\/zeremporda\/wp-content\/uploads\/usu2230\/2023\/12\/Pont-de-Molins-mitjans-1024x735.jpg 1024w, https:\/\/agora.xtec.cat\/zeremporda\/wp-content\/uploads\/usu2230\/2023\/12\/Pont-de-Molins-mitjans-768x551.jpg 768w, https:\/\/agora.xtec.cat\/zeremporda\/wp-content\/uploads\/usu2230\/2023\/12\/Pont-de-Molins-mitjans-1536x1102.jpg 1536w, https:\/\/agora.xtec.cat\/zeremporda\/wp-content\/uploads\/usu2230\/2023\/12\/Pont-de-Molins-mitjans-2048x1470.jpg 2048w\" sizes=\"auto, (max-width: 2560px) 100vw, 2560px\" \/> <img loading=\"lazy\" decoding=\"async\" class=\"aligncenter size-full wp-image-1367\" src=\"https:\/\/agora.xtec.cat\/zeremporda\/wp-content\/uploads\/usu2230\/2023\/12\/Garrigas-grans-scaled.jpg\" alt=\"\" width=\"1440\" height=\"2560\" srcset=\"https:\/\/agora.xtec.cat\/zeremporda\/wp-content\/uploads\/usu2230\/2023\/12\/Garrigas-grans-scaled.jpg 1440w, https:\/\/agora.xtec.cat\/zeremporda\/wp-content\/uploads\/usu2230\/2023\/12\/Garrigas-grans-169x300.jpg 169w, https:\/\/agora.xtec.cat\/zeremporda\/wp-content\/uploads\/usu2230\/2023\/12\/Garrigas-grans-576x1024.jpg 576w, https:\/\/agora.xtec.cat\/zeremporda\/wp-content\/uploads\/usu2230\/2023\/12\/Garrigas-grans-768x1365.jpg 768w, https:\/\/agora.xtec.cat\/zeremporda\/wp-content\/uploads\/usu2230\/2023\/12\/Garrigas-grans-864x1536.jpg 864w, https:\/\/agora.xtec.cat\/zeremporda\/wp-content\/uploads\/usu2230\/2023\/12\/Garrigas-grans-1152x2048.jpg 1152w\" sizes=\"auto, (max-width: 1440px) 100vw, 1440px\" \/> <img loading=\"lazy\" decoding=\"async\" class=\"aligncenter size-full wp-image-1368\" src=\"https:\/\/agora.xtec.cat\/zeremporda\/wp-content\/uploads\/usu2230\/2023\/12\/Cistella_xarxa-de-coneixements.jpg\" alt=\"\" width=\"2048\" height=\"1152\" srcset=\"https:\/\/agora.xtec.cat\/zeremporda\/wp-content\/uploads\/usu2230\/2023\/12\/Cistella_xarxa-de-coneixements.jpg 2048w, https:\/\/agora.xtec.cat\/zeremporda\/wp-content\/uploads\/usu2230\/2023\/12\/Cistella_xarxa-de-coneixements-300x169.jpg 300w, https:\/\/agora.xtec.cat\/zeremporda\/wp-content\/uploads\/usu2230\/2023\/12\/Cistella_xarxa-de-coneixements-1024x576.jpg 1024w, https:\/\/agora.xtec.cat\/zeremporda\/wp-content\/uploads\/usu2230\/2023\/12\/Cistella_xarxa-de-coneixements-768x432.jpg 768w, https:\/\/agora.xtec.cat\/zeremporda\/wp-content\/uploads\/usu2230\/2023\/12\/Cistella_xarxa-de-coneixements-1536x864.jpg 1536w\" sizes=\"auto, (max-width: 2048px) 100vw, 2048px\" \/><\/p>\n","protected":false},"excerpt":{"rendered":"<p>La Xarxa de Coneixements ens acompanya en cada projecte i en cadascuna de les comunitats. La xarxa \u00e9s un instrument que ens permet situar-nos temporalment dins un projecte de llarga durada i definir-hi el proc\u00e9s de construcci\u00f3 (punt de partida, repte, objectius&#8230;), per\u00f2 alhora i&hellip;  <a href=\"https:\/\/agora.xtec.cat\/zeremporda\/general\/la-xarxa-de-coneixements\/\" title=\"Read La xarxa de coneixements\">Llegeix m\u00e9s\u00bb<\/a><\/p>\n","protected":false},"author":1,"featured_media":1366,"comment_status":"open","ping_status":"closed","sticky":false,"template":"","format":"standard","meta":{"_bbp_topic_count":0,"_bbp_reply_count":0,"_bbp_total_topic_count":0,"_bbp_total_reply_count":0,"_bbp_voice_count":0,"_bbp_anonymous_reply_count":0,"_bbp_topic_count_hidden":0,"_bbp_reply_count_hidden":0,"_bbp_forum_subforum_count":0,"footnotes":""},"categories":[144,1],"tags":[],"class_list":["post-1361","post","type-post","status-publish","format-standard","has-post-thumbnail","hentry","category-curs-2023-2024","category-general"],"post_mailing_queue_ids":[],"_links":{"self":[{"href":"https:\/\/agora.xtec.cat\/zeremporda\/wp-json\/wp\/v2\/posts\/1361","targetHints":{"allow":["GET"]}}],"collection":[{"href":"https:\/\/agora.xtec.cat\/zeremporda\/wp-json\/wp\/v2\/posts"}],"about":[{"href":"https:\/\/agora.xtec.cat\/zeremporda\/wp-json\/wp\/v2\/types\/post"}],"author":[{"embeddable":true,"href":"https:\/\/agora.xtec.cat\/zeremporda\/wp-json\/wp\/v2\/users\/1"}],"replies":[{"embeddable":true,"href":"https:\/\/agora.xtec.cat\/zeremporda\/wp-json\/wp\/v2\/comments?post=1361"}],"version-history":[{"count":1,"href":"https:\/\/agora.xtec.cat\/zeremporda\/wp-json\/wp\/v2\/posts\/1361\/revisions"}],"predecessor-version":[{"id":1369,"href":"https:\/\/agora.xtec.cat\/zeremporda\/wp-json\/wp\/v2\/posts\/1361\/revisions\/1369"}],"wp:featuredmedia":[{"embeddable":true,"href":"https:\/\/agora.xtec.cat\/zeremporda\/wp-json\/wp\/v2\/media\/1366"}],"wp:attachment":[{"href":"https:\/\/agora.xtec.cat\/zeremporda\/wp-json\/wp\/v2\/media?parent=1361"}],"wp:term":[{"taxonomy":"category","embeddable":true,"href":"https:\/\/agora.xtec.cat\/zeremporda\/wp-json\/wp\/v2\/categories?post=1361"},{"taxonomy":"post_tag","embeddable":true,"href":"https:\/\/agora.xtec.cat\/zeremporda\/wp-json\/wp\/v2\/tags?post=1361"}],"curies":[{"name":"wp","href":"https:\/\/api.w.org\/{rel}","templated":true}]}}