{"id":1342,"date":"2023-11-07T21:52:05","date_gmt":"2023-11-07T20:52:05","guid":{"rendered":"https:\/\/agora.xtec.cat\/zeremporda\/?p=1342"},"modified":"2023-11-07T21:52:27","modified_gmt":"2023-11-07T20:52:27","slug":"jornades-de-cohesio-a-palau-de-sta-eulalia","status":"publish","type":"post","link":"https:\/\/agora.xtec.cat\/zeremporda\/general\/jornades-de-cohesio-a-palau-de-sta-eulalia\/","title":{"rendered":"Jornades de cohesi\u00f3 a Palau de Sta. Eul\u00e0lia"},"content":{"rendered":"<p><span style=\"font-weight: 400;\">Els dies 9 i 10 d\u2019octubre v\u00e0rem realitzar les jornades de cohesi\u00f3 a l\u2019escola de Palau de Santa Eul\u00e0lia. Balls de gegants, gralles, passejades, jocs i propostes de tota mena ens van fer con\u00e8ixer-nos i gaudir plegades de la trobada. La mainada m\u00e9s menuda va compartir les diferents situacions de teatre, llum, experimentaci\u00f3 i\u00a0 llenguatge que a trav\u00e9s dels microambients ha estat desenvolupant durant el mes de setembre. L\u2019entorn ens va oferir la oportunitat de visitar i con\u00e8ixer la petita granja del costat de l\u2019escola, aix\u00ed com ens va permetre descobrir juntes alguns dels camins del poble. La quitxalla de prim\u00e0ria, assistent a les jornades, es van introduir al m\u00f3n de les b\u00e8sties festives de la nostra cultura popular a partir de diferents din\u00e0miques i activitats. Una de les grans sorpreses de les diades, fou la visita de la colla gegantera de \u201c La Curcullera\u201d que ens va permetre descobrir per dins els secrets amagats de la geganta del poble amfitri\u00f3.\u00a0<\/span><\/p>\n<p><span style=\"font-weight: 400;\">Varen ser unes jornades plenes de trobades, retrobades, amistat i felicitat.<\/span><\/p>\n<p style=\"text-align: center;\"><a href=\"https:\/\/drive.google.com\/file\/d\/1bwMv2ALicu0tJjClNYmAnxPcAzt7F8ze\/view?usp=drive_link\">Resum d&#8217;imatges<\/a><\/p>\n","protected":false},"excerpt":{"rendered":"<p>Els dies 9 i 10 d\u2019octubre v\u00e0rem realitzar les jornades de cohesi\u00f3 a l\u2019escola de Palau de Santa Eul\u00e0lia. Balls de gegants, gralles, passejades, jocs i propostes de tota mena ens van fer con\u00e8ixer-nos i gaudir plegades de la trobada. La mainada m\u00e9s menuda va&hellip;  <a href=\"https:\/\/agora.xtec.cat\/zeremporda\/general\/jornades-de-cohesio-a-palau-de-sta-eulalia\/\" title=\"Read Jornades de cohesi\u00f3 a Palau de Sta. Eul\u00e0lia\">Llegeix m\u00e9s\u00bb<\/a><\/p>\n","protected":false},"author":1,"featured_media":1337,"comment_status":"open","ping_status":"closed","sticky":false,"template":"","format":"standard","meta":{"_bbp_topic_count":0,"_bbp_reply_count":0,"_bbp_total_topic_count":0,"_bbp_total_reply_count":0,"_bbp_voice_count":0,"_bbp_anonymous_reply_count":0,"_bbp_topic_count_hidden":0,"_bbp_reply_count_hidden":0,"_bbp_forum_subforum_count":0,"footnotes":""},"categories":[144,1],"tags":[],"class_list":["post-1342","post","type-post","status-publish","format-standard","has-post-thumbnail","hentry","category-curs-2023-2024","category-general"],"post_mailing_queue_ids":[],"_links":{"self":[{"href":"https:\/\/agora.xtec.cat\/zeremporda\/wp-json\/wp\/v2\/posts\/1342","targetHints":{"allow":["GET"]}}],"collection":[{"href":"https:\/\/agora.xtec.cat\/zeremporda\/wp-json\/wp\/v2\/posts"}],"about":[{"href":"https:\/\/agora.xtec.cat\/zeremporda\/wp-json\/wp\/v2\/types\/post"}],"author":[{"embeddable":true,"href":"https:\/\/agora.xtec.cat\/zeremporda\/wp-json\/wp\/v2\/users\/1"}],"replies":[{"embeddable":true,"href":"https:\/\/agora.xtec.cat\/zeremporda\/wp-json\/wp\/v2\/comments?post=1342"}],"version-history":[{"count":1,"href":"https:\/\/agora.xtec.cat\/zeremporda\/wp-json\/wp\/v2\/posts\/1342\/revisions"}],"predecessor-version":[{"id":1343,"href":"https:\/\/agora.xtec.cat\/zeremporda\/wp-json\/wp\/v2\/posts\/1342\/revisions\/1343"}],"wp:featuredmedia":[{"embeddable":true,"href":"https:\/\/agora.xtec.cat\/zeremporda\/wp-json\/wp\/v2\/media\/1337"}],"wp:attachment":[{"href":"https:\/\/agora.xtec.cat\/zeremporda\/wp-json\/wp\/v2\/media?parent=1342"}],"wp:term":[{"taxonomy":"category","embeddable":true,"href":"https:\/\/agora.xtec.cat\/zeremporda\/wp-json\/wp\/v2\/categories?post=1342"},{"taxonomy":"post_tag","embeddable":true,"href":"https:\/\/agora.xtec.cat\/zeremporda\/wp-json\/wp\/v2\/tags?post=1342"}],"curies":[{"name":"wp","href":"https:\/\/api.w.org\/{rel}","templated":true}]}}