{"id":1336,"date":"2023-11-07T21:07:28","date_gmt":"2023-11-07T20:07:28","guid":{"rendered":"https:\/\/agora.xtec.cat\/zeremporda\/?p=1336"},"modified":"2023-11-07T21:53:05","modified_gmt":"2023-11-07T20:53:05","slug":"colonies-al-collell-jornades-de-cohesio23","status":"publish","type":"post","link":"https:\/\/agora.xtec.cat\/zeremporda\/general\/colonies-al-collell-jornades-de-cohesio23\/","title":{"rendered":"Jornades de Cohesi\u00f3 al Collell-Col\u00f2nies&#8217;23"},"content":{"rendered":"<p><span style=\"font-weight: 400;\">Les jornades de cohesi\u00f3 al Collell, durant els dies 9, 10 i 11 d&#8217;octubre, van donar el tret d\u2019inici al Projecte Identitats de forma compartida entre els nens i les nenes de les escoles de la ZER.\u00a0<\/span><\/p>\n<p><span style=\"font-weight: 400;\">L\u2019objectiu principal era el de retrobar-nos i construir el vincle que far\u00e0 possible que durant el curs teixim plegats el projecte que compartim.\u00a0<\/span><\/p>\n<p><span style=\"font-weight: 400;\">Aquesta viv\u00e8ncia es va nodrir de l\u2019acompanyament dels monitors de la casa que ens van proposar activitats que giraven entorn a dos fils conductors segons la comunitat: els bandolers en el cas dels m\u00e9s grans i el bosc fant\u00e0stic pels infants de I5 i CI.\u00a0<\/span><\/p>\n<p><span style=\"font-weight: 400;\">Per veu dels mateixos nens i nenes, va ser una gran experi\u00e8ncia, sobretot gr\u00e0cies a personatges com en Parot o la fada, sense oblidar els jocs de nit i la disco! Tots van gaudir de les activitats proposades sentint-se inclosos en tot moment, i el m\u00e9s important, van sentir que formaven part d\u2019un sol equip.\u00a0<\/span><\/p>\n<p><span style=\"font-weight: 400;\">I a m\u00e9s de tots aquests moments, encara vam trobar un espai per explicar-nos com est\u00e0vem duent a terme el projecte Identitats a cada escola i no us ho creureu\u2026 Ens vam plantejar un repte compartit! Ni m\u00e9s ni menys que un repte per a cada comunitat d\u2019infants de ZER.<\/span><\/p>\n<p><span style=\"font-weight: 400;\">No cal dir que l\u2019actitud participativa, emp\u00e0tica i respectuosa de tots els infants va ser excepcional i vam rebre el reconeixement del personal de la casa de col\u00f2nies. Quin goig poder compartir tres dies aix\u00ed! El fet de conviure tots junts en un context no habitual, ens ha perm\u00e8s de posar en pr\u00e0ctica la nostra autonomia i les relacions socials m\u00e9s enll\u00e0 del nostre entorn. Aquest tipus de trobades conjuntes incrementen la consci\u00e8ncia de grup i afavoreixen el sentiment de pertinen\u00e7a, en definitiva: SOM ZER.<\/span><\/p>\n<p style=\"text-align: center;\"><a href=\"https:\/\/drive.google.com\/file\/d\/1nu9crr6wkHhfZhCgwDGJgVl5A9qFvzLG\/view?usp=drive_link\">Mostra de fotografies<\/a><\/p>\n<p>&nbsp;<\/p>\n","protected":false},"excerpt":{"rendered":"<p>Les jornades de cohesi\u00f3 al Collell, durant els dies 9, 10 i 11 d&#8217;octubre, van donar el tret d\u2019inici al Projecte Identitats de forma compartida entre els nens i les nenes de les escoles de la ZER.\u00a0<br \/>\nL\u2019objectiu principal era el de retrobar-nos i construir el&hellip;  <a href=\"https:\/\/agora.xtec.cat\/zeremporda\/general\/colonies-al-collell-jornades-de-cohesio23\/\" title=\"Read Jornades de Cohesi\u00f3 al Collell-Col\u00f2nies&#8217;23\">Llegeix m\u00e9s\u00bb<\/a><\/p>\n","protected":false},"author":1,"featured_media":1338,"comment_status":"open","ping_status":"closed","sticky":false,"template":"","format":"standard","meta":{"_bbp_topic_count":0,"_bbp_reply_count":0,"_bbp_total_topic_count":0,"_bbp_total_reply_count":0,"_bbp_voice_count":0,"_bbp_anonymous_reply_count":0,"_bbp_topic_count_hidden":0,"_bbp_reply_count_hidden":0,"_bbp_forum_subforum_count":0,"footnotes":""},"categories":[144,1],"tags":[],"class_list":["post-1336","post","type-post","status-publish","format-standard","has-post-thumbnail","hentry","category-curs-2023-2024","category-general"],"post_mailing_queue_ids":[],"_links":{"self":[{"href":"https:\/\/agora.xtec.cat\/zeremporda\/wp-json\/wp\/v2\/posts\/1336","targetHints":{"allow":["GET"]}}],"collection":[{"href":"https:\/\/agora.xtec.cat\/zeremporda\/wp-json\/wp\/v2\/posts"}],"about":[{"href":"https:\/\/agora.xtec.cat\/zeremporda\/wp-json\/wp\/v2\/types\/post"}],"author":[{"embeddable":true,"href":"https:\/\/agora.xtec.cat\/zeremporda\/wp-json\/wp\/v2\/users\/1"}],"replies":[{"embeddable":true,"href":"https:\/\/agora.xtec.cat\/zeremporda\/wp-json\/wp\/v2\/comments?post=1336"}],"version-history":[{"count":4,"href":"https:\/\/agora.xtec.cat\/zeremporda\/wp-json\/wp\/v2\/posts\/1336\/revisions"}],"predecessor-version":[{"id":1344,"href":"https:\/\/agora.xtec.cat\/zeremporda\/wp-json\/wp\/v2\/posts\/1336\/revisions\/1344"}],"wp:featuredmedia":[{"embeddable":true,"href":"https:\/\/agora.xtec.cat\/zeremporda\/wp-json\/wp\/v2\/media\/1338"}],"wp:attachment":[{"href":"https:\/\/agora.xtec.cat\/zeremporda\/wp-json\/wp\/v2\/media?parent=1336"}],"wp:term":[{"taxonomy":"category","embeddable":true,"href":"https:\/\/agora.xtec.cat\/zeremporda\/wp-json\/wp\/v2\/categories?post=1336"},{"taxonomy":"post_tag","embeddable":true,"href":"https:\/\/agora.xtec.cat\/zeremporda\/wp-json\/wp\/v2\/tags?post=1336"}],"curies":[{"name":"wp","href":"https:\/\/api.w.org\/{rel}","templated":true}]}}