{"id":1327,"date":"2023-09-30T22:16:17","date_gmt":"2023-09-30T20:16:17","guid":{"rendered":"https:\/\/agora.xtec.cat\/zeremporda\/?p=1327"},"modified":"2023-09-30T22:29:15","modified_gmt":"2023-09-30T20:29:15","slug":"el-projecte-identitats-curs-23-24","status":"publish","type":"post","link":"https:\/\/agora.xtec.cat\/zeremporda\/general\/el-projecte-identitats-curs-23-24\/","title":{"rendered":"Projecte Identitats, curs 23-24"},"content":{"rendered":"<p><span style=\"font-weight: 400;\">Enguany, el projecte que ens oferir\u00e0 el marc d\u2019aprenentatge a la ZER, \u00e9s el <\/span><b><i>Projecte Identitats<\/i><\/b><span style=\"font-weight: 400;\">. Tenim la voluntat d\u2019iniciar una petita investigaci\u00f3 entre alumnes, mestres i comunitat educativa, que afavoreixi el coneixement m\u00e9s profund del propi jo per donar resposta i contribuir al conjunt, \u00e9s a dir, a la societat com l\u2019espai de desenvolupament de l\u2019\u00e9sser hum\u00e0. Pensem que cal dotar a l\u2019infant d\u2019eines que li permetin con\u00e8ixer les caracter\u00edstiques, capacitats i potencialitats pr\u00f2pies, que el fan un individu \u00fanic i divers, capa\u00e7 d\u2019identificar all\u00f2 que li \u00e9s essencial per ser conjugat en el conjunt de tots i totes. Busquem el reconeixement de la diversitat com a font de riquesa.<\/span><\/p>\n<p><span style=\"font-weight: 400;\">Al llarg del curs, el projecte generar\u00e0 l\u2019espai per construir la identitat a partir de 4 grans eixos que fonamentaran la pr\u00e0ctica pedag\u00f2gica a trav\u00e9s de diferents <\/span><i><span style=\"font-weight: 400;\">experi\u00e8ncies d\u2019aprenentatge amb sentit. <\/span><\/i><span style=\"font-weight: 400;\">Parlem de:<\/span><\/p>\n<ul>\n<li style=\"font-weight: 400;\" aria-level=\"1\"><b>Identitat personal<\/b><span style=\"font-weight: 400;\">: qui s\u00f3c, qu\u00e8 sento, les meves capacitats, la construcci\u00f3 del propi JO.<\/span><\/li>\n<li style=\"font-weight: 400;\" aria-level=\"1\"><b>Identitat cultural, social i ling\u00fc\u00edstica<\/b><span style=\"font-weight: 400;\">: el meu pa\u00eds, la democr\u00e0cia i les institucions i les lleng\u00fces.<\/span><\/li>\n<li style=\"font-weight: 400;\" aria-level=\"1\"><b>Identitat biol\u00f2gica<\/b><span style=\"font-weight: 400;\">: la meva gen\u00e8tica com a \u00e9sser hum\u00e0.<\/span><\/li>\n<li style=\"font-weight: 400;\" aria-level=\"1\"><b>Identitat d\u2019escola rural<\/b><span style=\"font-weight: 400;\">: ser alumne de l\u2019escola rural com a part fonamental de la meva identitat.<\/span><\/li>\n<\/ul>\n<p><i><span style=\"font-weight: 400;\">\u201cDefensar el comprom\u00eds pedag\u00f2gic suposa comprendre que l\u2019educaci\u00f3 \u00e9s l\u2019esfor\u00e7 permanent per posar en contacte el subjecte amb la cultura, partint de la seva particularitat, per\u00f2 no tancant-se en ella\u201d.<\/span><\/i><span style=\"font-weight: 400;\">\u00a0<\/span><\/p>\n<p><span style=\"font-weight: 400;\">Jordi Sol\u00e9 Blanc<\/span><\/p>\n<p>&nbsp;<\/p>\n","protected":false},"excerpt":{"rendered":"<p>Enguany, el projecte que ens oferir\u00e0 el marc d\u2019aprenentatge a la ZER, \u00e9s el Projecte Identitats. Tenim la voluntat d\u2019iniciar una petita investigaci\u00f3 entre alumnes, mestres i comunitat educativa, que afavoreixi el coneixement m\u00e9s profund del propi jo per donar resposta i contribuir al conjunt,&hellip;  <a href=\"https:\/\/agora.xtec.cat\/zeremporda\/general\/el-projecte-identitats-curs-23-24\/\" title=\"Read Projecte Identitats, curs 23-24\">Llegeix m\u00e9s\u00bb<\/a><\/p>\n","protected":false},"author":1,"featured_media":1331,"comment_status":"open","ping_status":"closed","sticky":false,"template":"","format":"standard","meta":{"_bbp_topic_count":0,"_bbp_reply_count":0,"_bbp_total_topic_count":0,"_bbp_total_reply_count":0,"_bbp_voice_count":0,"_bbp_anonymous_reply_count":0,"_bbp_topic_count_hidden":0,"_bbp_reply_count_hidden":0,"_bbp_forum_subforum_count":0,"footnotes":""},"categories":[144,1],"tags":[],"class_list":["post-1327","post","type-post","status-publish","format-standard","has-post-thumbnail","hentry","category-curs-2023-2024","category-general"],"post_mailing_queue_ids":[],"_links":{"self":[{"href":"https:\/\/agora.xtec.cat\/zeremporda\/wp-json\/wp\/v2\/posts\/1327","targetHints":{"allow":["GET"]}}],"collection":[{"href":"https:\/\/agora.xtec.cat\/zeremporda\/wp-json\/wp\/v2\/posts"}],"about":[{"href":"https:\/\/agora.xtec.cat\/zeremporda\/wp-json\/wp\/v2\/types\/post"}],"author":[{"embeddable":true,"href":"https:\/\/agora.xtec.cat\/zeremporda\/wp-json\/wp\/v2\/users\/1"}],"replies":[{"embeddable":true,"href":"https:\/\/agora.xtec.cat\/zeremporda\/wp-json\/wp\/v2\/comments?post=1327"}],"version-history":[{"count":2,"href":"https:\/\/agora.xtec.cat\/zeremporda\/wp-json\/wp\/v2\/posts\/1327\/revisions"}],"predecessor-version":[{"id":1332,"href":"https:\/\/agora.xtec.cat\/zeremporda\/wp-json\/wp\/v2\/posts\/1327\/revisions\/1332"}],"wp:featuredmedia":[{"embeddable":true,"href":"https:\/\/agora.xtec.cat\/zeremporda\/wp-json\/wp\/v2\/media\/1331"}],"wp:attachment":[{"href":"https:\/\/agora.xtec.cat\/zeremporda\/wp-json\/wp\/v2\/media?parent=1327"}],"wp:term":[{"taxonomy":"category","embeddable":true,"href":"https:\/\/agora.xtec.cat\/zeremporda\/wp-json\/wp\/v2\/categories?post=1327"},{"taxonomy":"post_tag","embeddable":true,"href":"https:\/\/agora.xtec.cat\/zeremporda\/wp-json\/wp\/v2\/tags?post=1327"}],"curies":[{"name":"wp","href":"https:\/\/api.w.org\/{rel}","templated":true}]}}