{"id":1289,"date":"2023-07-27T15:15:47","date_gmt":"2023-07-27T13:15:47","guid":{"rendered":"https:\/\/agora.xtec.cat\/zeremporda\/?p=1289"},"modified":"2023-07-27T15:16:34","modified_gmt":"2023-07-27T13:16:34","slug":"portfoli-camins-zer-emporda-22-23","status":"publish","type":"post","link":"https:\/\/agora.xtec.cat\/zeremporda\/general\/portfoli-camins-zer-emporda-22-23\/","title":{"rendered":"Portfoli CAMINS-ZER EMPORD\u00c0 22-23"},"content":{"rendered":"<div>\n<p>Aquest portfoli \u00e9s un petit recull de les viv\u00e8ncies i aprenentatges fets en el Projecte CAMINS, desenvolupat durant el curs 22-23 a la ZER Empord\u00e0. El projecte educatiu de la ZER Empord\u00e0 desplega un marc pedag\u00f2gic singular cada curs, amb l&#8217;objectiu de donar identitat i cohesi\u00f3 al conjunt d&#8217;escoles rurals que en formem part. Cadascun dels projectes s&#8217;emmarca dins una situaci\u00f3 d&#8217;aprenentatge global que parteix d&#8217;un repte o enc\u00e0rrec real i que t\u00e9 un fort impacte al territori o a la comunitat, a trav\u00e9s d&#8217;una contribuci\u00f3 art\u00edstica, comunicativa i cultural per part dels infants. L&#8217;ess\u00e8ncia del projecte \u00e9s generar un context educatiu que contribueixi a l&#8217;aprenentatge significatiu dels infants, capacitant-los com a ciutadans de ple dret, cr\u00edtics, amb pensament propi, respectuosos amb ells mateixos, amb els altres i amb l&#8217;entorn, i amb capacitat creativa i de canvi. El projecte CAMINS ha estat una oportunitat de vincular la comunitat educativa amb el territori, partint del coneixement m\u00e9s profund dels nostres camins.<\/p>\n<p><a href=\"https:\/\/issuu.com\/zeremporda\/docs\/https_export-download.canva.com_h6ntm_dafmqlh6nt\"><img loading=\"lazy\" decoding=\"async\" class=\"aligncenter size-full wp-image-1290\" src=\"https:\/\/agora.xtec.cat\/zeremporda\/wp-content\/uploads\/usu2230\/2023\/07\/Captura-de-pantalla-2023-07-27-151226.jpg\" alt=\"\" width=\"745\" height=\"517\" srcset=\"https:\/\/agora.xtec.cat\/zeremporda\/wp-content\/uploads\/usu2230\/2023\/07\/Captura-de-pantalla-2023-07-27-151226.jpg 745w, https:\/\/agora.xtec.cat\/zeremporda\/wp-content\/uploads\/usu2230\/2023\/07\/Captura-de-pantalla-2023-07-27-151226-300x208.jpg 300w\" sizes=\"auto, (max-width: 745px) 100vw, 745px\" \/><\/a><\/p>\n<\/div>\n","protected":false},"excerpt":{"rendered":"<p>Aquest portfoli \u00e9s un petit recull de les viv\u00e8ncies i aprenentatges fets en el Projecte CAMINS, desenvolupat durant el curs 22-23 a la ZER Empord\u00e0. El projecte educatiu de la ZER Empord\u00e0 desplega un marc pedag\u00f2gic singular cada curs, amb l&#8217;objectiu de donar identitat i&hellip;  <a href=\"https:\/\/agora.xtec.cat\/zeremporda\/general\/portfoli-camins-zer-emporda-22-23\/\" title=\"Read Portfoli CAMINS-ZER EMPORD\u00c0 22-23\">Llegeix m\u00e9s\u00bb<\/a><\/p>\n","protected":false},"author":1,"featured_media":1290,"comment_status":"open","ping_status":"closed","sticky":false,"template":"","format":"standard","meta":{"_bbp_topic_count":0,"_bbp_reply_count":0,"_bbp_total_topic_count":0,"_bbp_total_reply_count":0,"_bbp_voice_count":0,"_bbp_anonymous_reply_count":0,"_bbp_topic_count_hidden":0,"_bbp_reply_count_hidden":0,"_bbp_forum_subforum_count":0,"footnotes":""},"categories":[137,1],"tags":[],"class_list":["post-1289","post","type-post","status-publish","format-standard","has-post-thumbnail","hentry","category-curs-2022-2023","category-general"],"post_mailing_queue_ids":[],"_links":{"self":[{"href":"https:\/\/agora.xtec.cat\/zeremporda\/wp-json\/wp\/v2\/posts\/1289","targetHints":{"allow":["GET"]}}],"collection":[{"href":"https:\/\/agora.xtec.cat\/zeremporda\/wp-json\/wp\/v2\/posts"}],"about":[{"href":"https:\/\/agora.xtec.cat\/zeremporda\/wp-json\/wp\/v2\/types\/post"}],"author":[{"embeddable":true,"href":"https:\/\/agora.xtec.cat\/zeremporda\/wp-json\/wp\/v2\/users\/1"}],"replies":[{"embeddable":true,"href":"https:\/\/agora.xtec.cat\/zeremporda\/wp-json\/wp\/v2\/comments?post=1289"}],"version-history":[{"count":1,"href":"https:\/\/agora.xtec.cat\/zeremporda\/wp-json\/wp\/v2\/posts\/1289\/revisions"}],"predecessor-version":[{"id":1291,"href":"https:\/\/agora.xtec.cat\/zeremporda\/wp-json\/wp\/v2\/posts\/1289\/revisions\/1291"}],"wp:featuredmedia":[{"embeddable":true,"href":"https:\/\/agora.xtec.cat\/zeremporda\/wp-json\/wp\/v2\/media\/1290"}],"wp:attachment":[{"href":"https:\/\/agora.xtec.cat\/zeremporda\/wp-json\/wp\/v2\/media?parent=1289"}],"wp:term":[{"taxonomy":"category","embeddable":true,"href":"https:\/\/agora.xtec.cat\/zeremporda\/wp-json\/wp\/v2\/categories?post=1289"},{"taxonomy":"post_tag","embeddable":true,"href":"https:\/\/agora.xtec.cat\/zeremporda\/wp-json\/wp\/v2\/tags?post=1289"}],"curies":[{"name":"wp","href":"https:\/\/api.w.org\/{rel}","templated":true}]}}