{"id":1282,"date":"2023-07-27T15:07:03","date_gmt":"2023-07-27T13:07:03","guid":{"rendered":"https:\/\/agora.xtec.cat\/zeremporda\/?p=1282"},"modified":"2023-07-27T15:09:07","modified_gmt":"2023-07-27T13:09:07","slug":"viatge-a-andorra-ampliem-camins","status":"publish","type":"post","link":"https:\/\/agora.xtec.cat\/zeremporda\/general\/viatge-a-andorra-ampliem-camins\/","title":{"rendered":"Viatge a Andorra: ampliem camins!"},"content":{"rendered":"<p>La comunitat de grans de la ZER ha ampliat els horitzons dels nostres camins organitzant el seu viatge de final de curs a Andorra. Aquest \u00e9s el resultat del Projecte Empr\u00e8n, una proposta d&#8217;emprenedoria i treball en equip que ens ha perm\u00e8s estr\u00e8nyer vincles entorn un gran repte, i que ha estat fruit del seu propi treball al llarg del curs, en el que han hagut de fer cerca, pressupostos, prendre decisions i finalment informar-se sobre la cultura i patrimoni del dest\u00ed!<\/p>\n<p>Han estat 3 dies en els que hi ha hagut temps per rec\u00f3rrer i descobrir la capital, Andorra la Vella, caminar 10km per la Vall d&#8217;Incles entre somriures i confid\u00e8ncies enmig d&#8217;un paisatge meravell\u00f3s que ens han transformat a tots i finalment fer rafting al Canal ol\u00edmpic de la Seu d&#8217;Urgell.<\/p>\n<p>Tornem amb una viv\u00e8ncia que recordarem al llarg de tota la vida!<\/p>\n<div style=\"width: 640px;\" class=\"wp-video\"><!--[if lt IE 9]><script>document.createElement('video');<\/script><![endif]-->\n<video class=\"wp-video-shortcode\" id=\"video-1282-1\" width=\"640\" height=\"352\" preload=\"metadata\" controls=\"controls\"><source type=\"video\/mp4\" src=\"https:\/\/agora.xtec.cat\/zeremporda\/wp-content\/uploads\/usu2230\/2023\/07\/VID_20230602204409.mp4?_=1\" \/><a href=\"https:\/\/agora.xtec.cat\/zeremporda\/wp-content\/uploads\/usu2230\/2023\/07\/VID_20230602204409.mp4\">https:\/\/agora.xtec.cat\/zeremporda\/wp-content\/uploads\/usu2230\/2023\/07\/VID_20230602204409.mp4<\/a><\/video><\/div>\n<p><img loading=\"lazy\" decoding=\"async\" class=\"aligncenter size-full wp-image-1284\" src=\"https:\/\/agora.xtec.cat\/zeremporda\/wp-content\/uploads\/usu2230\/2023\/07\/Captura-de-pantalla-2023-07-27-150114.jpg\" alt=\"\" width=\"1212\" height=\"684\" srcset=\"https:\/\/agora.xtec.cat\/zeremporda\/wp-content\/uploads\/usu2230\/2023\/07\/Captura-de-pantalla-2023-07-27-150114.jpg 1212w, https:\/\/agora.xtec.cat\/zeremporda\/wp-content\/uploads\/usu2230\/2023\/07\/Captura-de-pantalla-2023-07-27-150114-300x169.jpg 300w, https:\/\/agora.xtec.cat\/zeremporda\/wp-content\/uploads\/usu2230\/2023\/07\/Captura-de-pantalla-2023-07-27-150114-1024x578.jpg 1024w, https:\/\/agora.xtec.cat\/zeremporda\/wp-content\/uploads\/usu2230\/2023\/07\/Captura-de-pantalla-2023-07-27-150114-768x433.jpg 768w\" sizes=\"auto, (max-width: 1212px) 100vw, 1212px\" \/><\/p>\n<p><img loading=\"lazy\" decoding=\"async\" class=\"aligncenter size-full wp-image-1285\" src=\"https:\/\/agora.xtec.cat\/zeremporda\/wp-content\/uploads\/usu2230\/2023\/07\/Captura-de-pantalla-2023-07-27-150557.jpg\" alt=\"\" width=\"1222\" height=\"687\" srcset=\"https:\/\/agora.xtec.cat\/zeremporda\/wp-content\/uploads\/usu2230\/2023\/07\/Captura-de-pantalla-2023-07-27-150557.jpg 1222w, https:\/\/agora.xtec.cat\/zeremporda\/wp-content\/uploads\/usu2230\/2023\/07\/Captura-de-pantalla-2023-07-27-150557-300x169.jpg 300w, https:\/\/agora.xtec.cat\/zeremporda\/wp-content\/uploads\/usu2230\/2023\/07\/Captura-de-pantalla-2023-07-27-150557-1024x576.jpg 1024w, https:\/\/agora.xtec.cat\/zeremporda\/wp-content\/uploads\/usu2230\/2023\/07\/Captura-de-pantalla-2023-07-27-150557-768x432.jpg 768w\" sizes=\"auto, (max-width: 1222px) 100vw, 1222px\" \/><\/p>\n<p><img loading=\"lazy\" decoding=\"async\" class=\"aligncenter size-full wp-image-1286\" src=\"https:\/\/agora.xtec.cat\/zeremporda\/wp-content\/uploads\/usu2230\/2023\/07\/Captura-de-pantalla-2023-07-27-150326.jpg\" alt=\"\" width=\"1222\" height=\"685\" srcset=\"https:\/\/agora.xtec.cat\/zeremporda\/wp-content\/uploads\/usu2230\/2023\/07\/Captura-de-pantalla-2023-07-27-150326.jpg 1222w, https:\/\/agora.xtec.cat\/zeremporda\/wp-content\/uploads\/usu2230\/2023\/07\/Captura-de-pantalla-2023-07-27-150326-300x168.jpg 300w, https:\/\/agora.xtec.cat\/zeremporda\/wp-content\/uploads\/usu2230\/2023\/07\/Captura-de-pantalla-2023-07-27-150326-1024x574.jpg 1024w, https:\/\/agora.xtec.cat\/zeremporda\/wp-content\/uploads\/usu2230\/2023\/07\/Captura-de-pantalla-2023-07-27-150326-768x431.jpg 768w\" sizes=\"auto, (max-width: 1222px) 100vw, 1222px\" \/><\/p>\n","protected":false},"excerpt":{"rendered":"<p>La comunitat de grans de la ZER ha ampliat els horitzons dels nostres camins organitzant el seu viatge de final de curs a Andorra. Aquest \u00e9s el resultat del Projecte Empr\u00e8n, una proposta d&#8217;emprenedoria i treball en equip que ens ha perm\u00e8s estr\u00e8nyer vincles entorn&hellip;  <a href=\"https:\/\/agora.xtec.cat\/zeremporda\/general\/viatge-a-andorra-ampliem-camins\/\" title=\"Read Viatge a Andorra: ampliem camins!\">Llegeix m\u00e9s\u00bb<\/a><\/p>\n","protected":false},"author":1,"featured_media":1284,"comment_status":"open","ping_status":"closed","sticky":false,"template":"","format":"standard","meta":{"_bbp_topic_count":0,"_bbp_reply_count":0,"_bbp_total_topic_count":0,"_bbp_total_reply_count":0,"_bbp_voice_count":0,"_bbp_anonymous_reply_count":0,"_bbp_topic_count_hidden":0,"_bbp_reply_count_hidden":0,"_bbp_forum_subforum_count":0,"footnotes":""},"categories":[137,1],"tags":[],"class_list":["post-1282","post","type-post","status-publish","format-standard","has-post-thumbnail","hentry","category-curs-2022-2023","category-general"],"post_mailing_queue_ids":[],"_links":{"self":[{"href":"https:\/\/agora.xtec.cat\/zeremporda\/wp-json\/wp\/v2\/posts\/1282","targetHints":{"allow":["GET"]}}],"collection":[{"href":"https:\/\/agora.xtec.cat\/zeremporda\/wp-json\/wp\/v2\/posts"}],"about":[{"href":"https:\/\/agora.xtec.cat\/zeremporda\/wp-json\/wp\/v2\/types\/post"}],"author":[{"embeddable":true,"href":"https:\/\/agora.xtec.cat\/zeremporda\/wp-json\/wp\/v2\/users\/1"}],"replies":[{"embeddable":true,"href":"https:\/\/agora.xtec.cat\/zeremporda\/wp-json\/wp\/v2\/comments?post=1282"}],"version-history":[{"count":2,"href":"https:\/\/agora.xtec.cat\/zeremporda\/wp-json\/wp\/v2\/posts\/1282\/revisions"}],"predecessor-version":[{"id":1288,"href":"https:\/\/agora.xtec.cat\/zeremporda\/wp-json\/wp\/v2\/posts\/1282\/revisions\/1288"}],"wp:featuredmedia":[{"embeddable":true,"href":"https:\/\/agora.xtec.cat\/zeremporda\/wp-json\/wp\/v2\/media\/1284"}],"wp:attachment":[{"href":"https:\/\/agora.xtec.cat\/zeremporda\/wp-json\/wp\/v2\/media?parent=1282"}],"wp:term":[{"taxonomy":"category","embeddable":true,"href":"https:\/\/agora.xtec.cat\/zeremporda\/wp-json\/wp\/v2\/categories?post=1282"},{"taxonomy":"post_tag","embeddable":true,"href":"https:\/\/agora.xtec.cat\/zeremporda\/wp-json\/wp\/v2\/tags?post=1282"}],"curies":[{"name":"wp","href":"https:\/\/api.w.org\/{rel}","templated":true}]}}