{"id":1277,"date":"2023-07-27T14:49:19","date_gmt":"2023-07-27T12:49:19","guid":{"rendered":"https:\/\/agora.xtec.cat\/zeremporda\/?p=1277"},"modified":"2023-07-27T14:49:19","modified_gmt":"2023-07-27T12:49:19","slug":"el-fulleto-camins","status":"publish","type":"post","link":"https:\/\/agora.xtec.cat\/zeremporda\/general\/el-fulleto-camins\/","title":{"rendered":"El fullet\u00f3 CAMINS"},"content":{"rendered":"<div>\n<p>La documentaci\u00f3 entesa com una forma de reflexi\u00f3 i interpretaci\u00f3 dels processos d&#8217;aprenentatge i dels resultats obtinguts dels infants, aquest any, s&#8217;ha formalitzat des de la basant gr\u00e0fica d&#8217;un fullet\u00f3 en el qual es recullen els camins recorreguts, els h\u00e0bitats investigats i els sentits desenvolupats.<\/p>\n<p>Ha esdevingut tot un proc\u00e9s de recopilaci\u00f3 i integraci\u00f3 de la quotidianitat del projecte. Els infants han bolcat les seves fotografies, dibuixos, paraules i sentits. Cada escola ha aportat una part del seu cam\u00ed per ser escoltada i gaudida.<\/p>\n<p>El resultat ens omple de satisfacci\u00f3 i ens permet generar una sensibilitat i impacte envers l&#8217;entorn a tota la nostra comunitat educativa.<\/p>\n<p><a href=\"https:\/\/drive.google.com\/file\/d\/1TnA7Z1p5pB6CPQ1Et90Ro2pIyfr-EFIq\/view?usp=drive_link\">Arxiu en PDF<\/a><\/p>\n<p><img loading=\"lazy\" decoding=\"async\" class=\"aligncenter size-full wp-image-1278\" src=\"https:\/\/agora.xtec.cat\/zeremporda\/wp-content\/uploads\/usu2230\/2023\/07\/Fulleto1-Jpg.png\" alt=\"\" width=\"1131\" height=\"793\" srcset=\"https:\/\/agora.xtec.cat\/zeremporda\/wp-content\/uploads\/usu2230\/2023\/07\/Fulleto1-Jpg.png 1131w, https:\/\/agora.xtec.cat\/zeremporda\/wp-content\/uploads\/usu2230\/2023\/07\/Fulleto1-Jpg-300x210.png 300w, https:\/\/agora.xtec.cat\/zeremporda\/wp-content\/uploads\/usu2230\/2023\/07\/Fulleto1-Jpg-1024x718.png 1024w, https:\/\/agora.xtec.cat\/zeremporda\/wp-content\/uploads\/usu2230\/2023\/07\/Fulleto1-Jpg-768x538.png 768w\" sizes=\"auto, (max-width: 1131px) 100vw, 1131px\" \/> <img loading=\"lazy\" decoding=\"async\" class=\"aligncenter size-full wp-image-1279\" src=\"https:\/\/agora.xtec.cat\/zeremporda\/wp-content\/uploads\/usu2230\/2023\/07\/Fulleto2-Jpg.png\" alt=\"\" width=\"1132\" height=\"790\" srcset=\"https:\/\/agora.xtec.cat\/zeremporda\/wp-content\/uploads\/usu2230\/2023\/07\/Fulleto2-Jpg.png 1132w, https:\/\/agora.xtec.cat\/zeremporda\/wp-content\/uploads\/usu2230\/2023\/07\/Fulleto2-Jpg-300x209.png 300w, https:\/\/agora.xtec.cat\/zeremporda\/wp-content\/uploads\/usu2230\/2023\/07\/Fulleto2-Jpg-1024x715.png 1024w, https:\/\/agora.xtec.cat\/zeremporda\/wp-content\/uploads\/usu2230\/2023\/07\/Fulleto2-Jpg-768x536.png 768w\" sizes=\"auto, (max-width: 1132px) 100vw, 1132px\" \/><\/p>\n<p><img loading=\"lazy\" decoding=\"async\" class=\"aligncenter size-full wp-image-1280\" src=\"https:\/\/agora.xtec.cat\/zeremporda\/wp-content\/uploads\/usu2230\/2023\/07\/Captura-de-pantalla-2023-07-27-144711.jpg\" alt=\"\" width=\"1597\" height=\"835\" srcset=\"https:\/\/agora.xtec.cat\/zeremporda\/wp-content\/uploads\/usu2230\/2023\/07\/Captura-de-pantalla-2023-07-27-144711.jpg 1597w, https:\/\/agora.xtec.cat\/zeremporda\/wp-content\/uploads\/usu2230\/2023\/07\/Captura-de-pantalla-2023-07-27-144711-300x157.jpg 300w, https:\/\/agora.xtec.cat\/zeremporda\/wp-content\/uploads\/usu2230\/2023\/07\/Captura-de-pantalla-2023-07-27-144711-1024x535.jpg 1024w, https:\/\/agora.xtec.cat\/zeremporda\/wp-content\/uploads\/usu2230\/2023\/07\/Captura-de-pantalla-2023-07-27-144711-768x402.jpg 768w, https:\/\/agora.xtec.cat\/zeremporda\/wp-content\/uploads\/usu2230\/2023\/07\/Captura-de-pantalla-2023-07-27-144711-1536x803.jpg 1536w\" sizes=\"auto, (max-width: 1597px) 100vw, 1597px\" \/><\/p>\n<\/div>\n","protected":false},"excerpt":{"rendered":"<p>La documentaci\u00f3 entesa com una forma de reflexi\u00f3 i interpretaci\u00f3 dels processos d&#8217;aprenentatge i dels resultats obtinguts dels infants, aquest any, s&#8217;ha formalitzat des de la basant gr\u00e0fica d&#8217;un fullet\u00f3 en el qual es recullen els camins recorreguts, els h\u00e0bitats investigats i els sentits desenvolupats.<br \/>\nHa&hellip;  <a href=\"https:\/\/agora.xtec.cat\/zeremporda\/general\/el-fulleto-camins\/\" title=\"Read El fullet\u00f3 CAMINS\">Llegeix m\u00e9s\u00bb<\/a><\/p>\n","protected":false},"author":1,"featured_media":1280,"comment_status":"open","ping_status":"closed","sticky":false,"template":"","format":"standard","meta":{"_bbp_topic_count":0,"_bbp_reply_count":0,"_bbp_total_topic_count":0,"_bbp_total_reply_count":0,"_bbp_voice_count":0,"_bbp_anonymous_reply_count":0,"_bbp_topic_count_hidden":0,"_bbp_reply_count_hidden":0,"_bbp_forum_subforum_count":0,"footnotes":""},"categories":[137,1],"tags":[],"class_list":["post-1277","post","type-post","status-publish","format-standard","has-post-thumbnail","hentry","category-curs-2022-2023","category-general"],"post_mailing_queue_ids":[],"_links":{"self":[{"href":"https:\/\/agora.xtec.cat\/zeremporda\/wp-json\/wp\/v2\/posts\/1277","targetHints":{"allow":["GET"]}}],"collection":[{"href":"https:\/\/agora.xtec.cat\/zeremporda\/wp-json\/wp\/v2\/posts"}],"about":[{"href":"https:\/\/agora.xtec.cat\/zeremporda\/wp-json\/wp\/v2\/types\/post"}],"author":[{"embeddable":true,"href":"https:\/\/agora.xtec.cat\/zeremporda\/wp-json\/wp\/v2\/users\/1"}],"replies":[{"embeddable":true,"href":"https:\/\/agora.xtec.cat\/zeremporda\/wp-json\/wp\/v2\/comments?post=1277"}],"version-history":[{"count":1,"href":"https:\/\/agora.xtec.cat\/zeremporda\/wp-json\/wp\/v2\/posts\/1277\/revisions"}],"predecessor-version":[{"id":1281,"href":"https:\/\/agora.xtec.cat\/zeremporda\/wp-json\/wp\/v2\/posts\/1277\/revisions\/1281"}],"wp:featuredmedia":[{"embeddable":true,"href":"https:\/\/agora.xtec.cat\/zeremporda\/wp-json\/wp\/v2\/media\/1280"}],"wp:attachment":[{"href":"https:\/\/agora.xtec.cat\/zeremporda\/wp-json\/wp\/v2\/media?parent=1277"}],"wp:term":[{"taxonomy":"category","embeddable":true,"href":"https:\/\/agora.xtec.cat\/zeremporda\/wp-json\/wp\/v2\/categories?post=1277"},{"taxonomy":"post_tag","embeddable":true,"href":"https:\/\/agora.xtec.cat\/zeremporda\/wp-json\/wp\/v2\/tags?post=1277"}],"curies":[{"name":"wp","href":"https:\/\/api.w.org\/{rel}","templated":true}]}}