{"id":1271,"date":"2023-07-27T14:37:14","date_gmt":"2023-07-27T12:37:14","guid":{"rendered":"https:\/\/agora.xtec.cat\/zeremporda\/?p=1271"},"modified":"2023-07-27T14:37:59","modified_gmt":"2023-07-27T12:37:59","slug":"posada-en-escena-de-camins","status":"publish","type":"post","link":"https:\/\/agora.xtec.cat\/zeremporda\/general\/posada-en-escena-de-camins\/","title":{"rendered":"Posada en escena de CAMINS"},"content":{"rendered":"<p>Escenificar una part del projecte ens permet comunicar des de diferents registres, dotar d&#8217;eines diversificades als nostres alumnes. La semi\u00f2tica de l&#8217;escenificaci\u00f3 ens aporta la conjunci\u00f3 de tot de codis i canals de comunicaci\u00f3 amb objectius comunicatius espec\u00edfics. Veus, moviments, m\u00fasica, ubicaci\u00f3 en l&#8217;espai, attrezzo&#8230; Tot es va pensant amb els alumnes. Preguntes com &#8220;Qu\u00e8 volem transmetre? Com ho podem explicar? Qui son els nostres espectadors? On ho comunicarem? Amb quins mitjans comptem per fer el nostre esqueix?&#8221; Les seves respostes impliquen moltes decisions, canvis, repeticions&#8230; Per\u00f2 tamb\u00e9 mirar-nos en una altre situaci\u00f3 educativa. Complementar-nos en un espai com\u00fa. Pensar amb el nostre cos com a canal comunicatiu. Amb la for\u00e7a de tots i totes com a voluntat d&#8217;explicar.<\/p>\n<div>\n<p>Paraules com &#8220;i si ho fem aix\u00ed&#8230;&#8221;, &#8221; com es veu des de fora aix\u00f2&#8230;&#8221; ens permet dependre de la mirada de l&#8217;altre. Confiar en els seus ulls mirant els nostres moviments. Pensar amb uns criteris comuns i complementaris. Per\u00f2 sobretot, atendre el nostre cos com element imprescindible per comunicar. Com el seu detall en les formes de les mans, els peus, la mirada, explica una narrativa m\u00e0gica. Una hist\u00f2ria del cam\u00ed viscut i triat per ells i elles. Altres escenes s\u00f3n comunes entre totes les escoles i entre etapes educatives. L&#8217;objectiu \u00e9s diferent. Pensar-nos com a comunitat que apr\u00e8n i es complementa, que pot esdevenir un sol emissor capa\u00e7 de parlar des del cor i la terra.<\/p>\n<p>Tot seguit, podeu accedir a:<\/p>\n<ul style=\"list-style-type: circle;\">\n<li><a href=\"https:\/\/drive.google.com\/drive\/folders\/1-ExyisvNKUu65TgCUg4nGhc0Ohp-GhA_?usp=sharing\">Algunes fotografies del Teatre<\/a><\/li>\n<li><a href=\"https:\/\/drive.google.com\/file\/d\/1KWa80SP982985CzeFKRVc2Mlif8sLLWS\/view?usp=sharing\">V\u00eddeo de la posada en escena<\/a><\/li>\n<li><a href=\"https:\/\/drive.google.com\/file\/d\/1K_OFJYzhzLQaTVNzcKeay2TS25uLL1Ek\/view?usp=sharing\">Not\u00edcia publicada al Setmanari Empord\u00e0<\/a><\/li>\n<\/ul>\n<\/div>\n","protected":false},"excerpt":{"rendered":"<p>Escenificar una part del projecte ens permet comunicar des de diferents registres, dotar d&#8217;eines diversificades als nostres alumnes. La semi\u00f2tica de l&#8217;escenificaci\u00f3 ens aporta la conjunci\u00f3 de tot de codis i canals de comunicaci\u00f3 amb objectius comunicatius espec\u00edfics. Veus, moviments, m\u00fasica, ubicaci\u00f3 en l&#8217;espai, attrezzo&#8230;&hellip;  <a href=\"https:\/\/agora.xtec.cat\/zeremporda\/general\/posada-en-escena-de-camins\/\" title=\"Read Posada en escena de CAMINS\">Llegeix m\u00e9s\u00bb<\/a><\/p>\n","protected":false},"author":1,"featured_media":1273,"comment_status":"open","ping_status":"closed","sticky":false,"template":"","format":"standard","meta":{"_bbp_topic_count":0,"_bbp_reply_count":0,"_bbp_total_topic_count":0,"_bbp_total_reply_count":0,"_bbp_voice_count":0,"_bbp_anonymous_reply_count":0,"_bbp_topic_count_hidden":0,"_bbp_reply_count_hidden":0,"_bbp_forum_subforum_count":0,"footnotes":""},"categories":[137,1],"tags":[],"class_list":["post-1271","post","type-post","status-publish","format-standard","has-post-thumbnail","hentry","category-curs-2022-2023","category-general"],"post_mailing_queue_ids":[],"_links":{"self":[{"href":"https:\/\/agora.xtec.cat\/zeremporda\/wp-json\/wp\/v2\/posts\/1271","targetHints":{"allow":["GET"]}}],"collection":[{"href":"https:\/\/agora.xtec.cat\/zeremporda\/wp-json\/wp\/v2\/posts"}],"about":[{"href":"https:\/\/agora.xtec.cat\/zeremporda\/wp-json\/wp\/v2\/types\/post"}],"author":[{"embeddable":true,"href":"https:\/\/agora.xtec.cat\/zeremporda\/wp-json\/wp\/v2\/users\/1"}],"replies":[{"embeddable":true,"href":"https:\/\/agora.xtec.cat\/zeremporda\/wp-json\/wp\/v2\/comments?post=1271"}],"version-history":[{"count":2,"href":"https:\/\/agora.xtec.cat\/zeremporda\/wp-json\/wp\/v2\/posts\/1271\/revisions"}],"predecessor-version":[{"id":1276,"href":"https:\/\/agora.xtec.cat\/zeremporda\/wp-json\/wp\/v2\/posts\/1271\/revisions\/1276"}],"wp:featuredmedia":[{"embeddable":true,"href":"https:\/\/agora.xtec.cat\/zeremporda\/wp-json\/wp\/v2\/media\/1273"}],"wp:attachment":[{"href":"https:\/\/agora.xtec.cat\/zeremporda\/wp-json\/wp\/v2\/media?parent=1271"}],"wp:term":[{"taxonomy":"category","embeddable":true,"href":"https:\/\/agora.xtec.cat\/zeremporda\/wp-json\/wp\/v2\/categories?post=1271"},{"taxonomy":"post_tag","embeddable":true,"href":"https:\/\/agora.xtec.cat\/zeremporda\/wp-json\/wp\/v2\/tags?post=1271"}],"curies":[{"name":"wp","href":"https:\/\/api.w.org\/{rel}","templated":true}]}}