{"id":1256,"date":"2023-07-27T13:57:29","date_gmt":"2023-07-27T11:57:29","guid":{"rendered":"https:\/\/agora.xtec.cat\/zeremporda\/?p=1256"},"modified":"2023-07-27T13:57:29","modified_gmt":"2023-07-27T11:57:29","slug":"el-cami-del-tren-comunitat-de-petits","status":"publish","type":"post","link":"https:\/\/agora.xtec.cat\/zeremporda\/general\/el-cami-del-tren-comunitat-de-petits\/","title":{"rendered":"El cam\u00ed del tren-Comunitat de petits"},"content":{"rendered":"<p>Seguint el &#8220;Cam\u00ed del tren&#8221;, els infants de la comunitat de petits van fer el trajecte de Figueres a Portbou. El tram recorregut va ser suficient perqu\u00e8 els m\u00e9s petits de la ZER visquessin amb emoci\u00f3 el va i b\u00e9 d&#8217;aquest vehicle i la velocitat en qu\u00e8 veien passar el paisatge!<\/p>\n<p>Una vegada fet el viatge, vam poder visitar el taller mec\u00e0nic d&#8217;un pare de la ZER! I aix\u00ed va ser com vam ampliar el cam\u00ed i la mirada de tot all\u00f2 succe\u00eft a l&#8217;espai de microambients de l&#8217;aula.<\/p>\n<p style=\"text-align: center;\"><a href=\"https:\/\/www.canva.com\/design\/DAFp0n1Jic8\/JrLUkOMlEHvuqwHnBH9-VA\/watch?utm_content=DAFp0n1Jic8&amp;utm_campaign=designshare&amp;utm_medium=link&amp;utm_source=publishsharelink\">V\u00eddeo fotografies<\/a><\/p>\n<p><a href=\"https:\/\/www.canva.com\/design\/DAFp0n1Jic8\/JrLUkOMlEHvuqwHnBH9-VA\/watch?utm_content=DAFp0n1Jic8&amp;utm_campaign=designshare&amp;utm_medium=link&amp;utm_source=publishsharelink\"><img loading=\"lazy\" decoding=\"async\" class=\"aligncenter size-full wp-image-1257\" src=\"https:\/\/agora.xtec.cat\/zeremporda\/wp-content\/uploads\/usu2230\/2023\/07\/20230425_112039-scaled.jpg\" alt=\"\" width=\"2560\" height=\"1180\" srcset=\"https:\/\/agora.xtec.cat\/zeremporda\/wp-content\/uploads\/usu2230\/2023\/07\/20230425_112039-scaled.jpg 2560w, https:\/\/agora.xtec.cat\/zeremporda\/wp-content\/uploads\/usu2230\/2023\/07\/20230425_112039-300x138.jpg 300w, https:\/\/agora.xtec.cat\/zeremporda\/wp-content\/uploads\/usu2230\/2023\/07\/20230425_112039-1024x472.jpg 1024w, https:\/\/agora.xtec.cat\/zeremporda\/wp-content\/uploads\/usu2230\/2023\/07\/20230425_112039-768x354.jpg 768w, https:\/\/agora.xtec.cat\/zeremporda\/wp-content\/uploads\/usu2230\/2023\/07\/20230425_112039-1536x708.jpg 1536w, https:\/\/agora.xtec.cat\/zeremporda\/wp-content\/uploads\/usu2230\/2023\/07\/20230425_112039-2048x944.jpg 2048w\" sizes=\"auto, (max-width: 2560px) 100vw, 2560px\" \/><\/a><\/p>\n","protected":false},"excerpt":{"rendered":"<p>Seguint el &#8220;Cam\u00ed del tren&#8221;, els infants de la comunitat de petits van fer el trajecte de Figueres a Portbou. El tram recorregut va ser suficient perqu\u00e8 els m\u00e9s petits de la ZER visquessin amb emoci\u00f3 el va i b\u00e9 d&#8217;aquest vehicle i la velocitat&hellip;  <a href=\"https:\/\/agora.xtec.cat\/zeremporda\/general\/el-cami-del-tren-comunitat-de-petits\/\" title=\"Read El cam\u00ed del tren-Comunitat de petits\">Llegeix m\u00e9s\u00bb<\/a><\/p>\n","protected":false},"author":1,"featured_media":1257,"comment_status":"open","ping_status":"closed","sticky":false,"template":"","format":"standard","meta":{"_bbp_topic_count":0,"_bbp_reply_count":0,"_bbp_total_topic_count":0,"_bbp_total_reply_count":0,"_bbp_voice_count":0,"_bbp_anonymous_reply_count":0,"_bbp_topic_count_hidden":0,"_bbp_reply_count_hidden":0,"_bbp_forum_subforum_count":0,"footnotes":""},"categories":[137,1],"tags":[],"class_list":["post-1256","post","type-post","status-publish","format-standard","has-post-thumbnail","hentry","category-curs-2022-2023","category-general"],"post_mailing_queue_ids":[],"_links":{"self":[{"href":"https:\/\/agora.xtec.cat\/zeremporda\/wp-json\/wp\/v2\/posts\/1256","targetHints":{"allow":["GET"]}}],"collection":[{"href":"https:\/\/agora.xtec.cat\/zeremporda\/wp-json\/wp\/v2\/posts"}],"about":[{"href":"https:\/\/agora.xtec.cat\/zeremporda\/wp-json\/wp\/v2\/types\/post"}],"author":[{"embeddable":true,"href":"https:\/\/agora.xtec.cat\/zeremporda\/wp-json\/wp\/v2\/users\/1"}],"replies":[{"embeddable":true,"href":"https:\/\/agora.xtec.cat\/zeremporda\/wp-json\/wp\/v2\/comments?post=1256"}],"version-history":[{"count":1,"href":"https:\/\/agora.xtec.cat\/zeremporda\/wp-json\/wp\/v2\/posts\/1256\/revisions"}],"predecessor-version":[{"id":1258,"href":"https:\/\/agora.xtec.cat\/zeremporda\/wp-json\/wp\/v2\/posts\/1256\/revisions\/1258"}],"wp:featuredmedia":[{"embeddable":true,"href":"https:\/\/agora.xtec.cat\/zeremporda\/wp-json\/wp\/v2\/media\/1257"}],"wp:attachment":[{"href":"https:\/\/agora.xtec.cat\/zeremporda\/wp-json\/wp\/v2\/media?parent=1256"}],"wp:term":[{"taxonomy":"category","embeddable":true,"href":"https:\/\/agora.xtec.cat\/zeremporda\/wp-json\/wp\/v2\/categories?post=1256"},{"taxonomy":"post_tag","embeddable":true,"href":"https:\/\/agora.xtec.cat\/zeremporda\/wp-json\/wp\/v2\/tags?post=1256"}],"curies":[{"name":"wp","href":"https:\/\/api.w.org\/{rel}","templated":true}]}}