{"id":1252,"date":"2023-07-27T12:07:10","date_gmt":"2023-07-27T10:07:10","guid":{"rendered":"https:\/\/agora.xtec.cat\/zeremporda\/?p=1252"},"modified":"2023-07-27T12:07:10","modified_gmt":"2023-07-27T10:07:10","slug":"pujada-a-sant-pere-de-rodes-per-la-serra-de-verdera","status":"publish","type":"post","link":"https:\/\/agora.xtec.cat\/zeremporda\/general\/pujada-a-sant-pere-de-rodes-per-la-serra-de-verdera\/","title":{"rendered":"Pujada a Sant Pere de Rodes per la Serra de Verdera"},"content":{"rendered":"<div>\n<p>El contacte de per s\u00ed amb l&#8217;entorn natural ens fa cr\u00e9ixer i ens aporta un benestar f\u00edsic i emocional, per\u00f2 quan aquest es fa amb la comunitat, fa molt m\u00e9s enriquidora la petjada que anem deixant conforme avancem, essent m\u00e9s significatiu com a viv\u00e8ncia compartida.<\/p>\n<div>\n<p>La descoberta de l&#8217;entorn proper ens hi fa sentir identificats i ens fa crear-hi arrels, tot mostrant cura i respecte pel mateix amb el pas del temps.<\/p>\n<div>\n<p>Els reptes s\u00f3n necessaris per seguir creixent. Ens possibiliten trencar barreres i generar canvis en diferents sentits. Per aix\u00f2 la pujada a Sant Pere de Rodes pel cam\u00ed del Mas Vent\u00f3s des de Palau-Saverdera, va ser tan enriquidora! Cap de nosaltres va baixar-ne indiferent!<\/p>\n<p style=\"text-align: center;\"><a href=\"https:\/\/www.canva.com\/design\/DAFp0TK8EJk\/Ov_yIbd2DXMAnrmEqXOPBw\/watch?utm_content=DAFp0TK8EJk&amp;utm_campaign=designshare&amp;utm_medium=link&amp;utm_source=publishsharelink\">V\u00eddeo d&#8217;imatges<\/a><\/p>\n<p><a href=\"https:\/\/www.canva.com\/design\/DAFp0TK8EJk\/Ov_yIbd2DXMAnrmEqXOPBw\/watch?utm_content=DAFp0TK8EJk&amp;utm_campaign=designshare&amp;utm_medium=link&amp;utm_source=publishsharelink\"><img loading=\"lazy\" decoding=\"async\" class=\"aligncenter size-full wp-image-1253\" src=\"https:\/\/agora.xtec.cat\/zeremporda\/wp-content\/uploads\/usu2230\/2023\/07\/Captura-de-pantalla-2023-07-27-120322.jpg\" alt=\"\" width=\"1678\" height=\"940\" srcset=\"https:\/\/agora.xtec.cat\/zeremporda\/wp-content\/uploads\/usu2230\/2023\/07\/Captura-de-pantalla-2023-07-27-120322.jpg 1678w, https:\/\/agora.xtec.cat\/zeremporda\/wp-content\/uploads\/usu2230\/2023\/07\/Captura-de-pantalla-2023-07-27-120322-300x168.jpg 300w, https:\/\/agora.xtec.cat\/zeremporda\/wp-content\/uploads\/usu2230\/2023\/07\/Captura-de-pantalla-2023-07-27-120322-1024x574.jpg 1024w, https:\/\/agora.xtec.cat\/zeremporda\/wp-content\/uploads\/usu2230\/2023\/07\/Captura-de-pantalla-2023-07-27-120322-768x430.jpg 768w, https:\/\/agora.xtec.cat\/zeremporda\/wp-content\/uploads\/usu2230\/2023\/07\/Captura-de-pantalla-2023-07-27-120322-1536x860.jpg 1536w\" sizes=\"auto, (max-width: 1678px) 100vw, 1678px\" \/><\/a><\/p>\n<\/div>\n<\/div>\n<\/div>\n","protected":false},"excerpt":{"rendered":"<p>El contacte de per s\u00ed amb l&#8217;entorn natural ens fa cr\u00e9ixer i ens aporta un benestar f\u00edsic i emocional, per\u00f2 quan aquest es fa amb la comunitat, fa molt m\u00e9s enriquidora la petjada que anem deixant conforme avancem, essent m\u00e9s significatiu com a viv\u00e8ncia compartida.<\/p>\n<p>La&hellip;  <a href=\"https:\/\/agora.xtec.cat\/zeremporda\/general\/pujada-a-sant-pere-de-rodes-per-la-serra-de-verdera\/\" title=\"Read Pujada a Sant Pere de Rodes per la Serra de Verdera\">Llegeix m\u00e9s\u00bb<\/a><\/p>\n","protected":false},"author":1,"featured_media":1253,"comment_status":"open","ping_status":"closed","sticky":false,"template":"","format":"standard","meta":{"_bbp_topic_count":0,"_bbp_reply_count":0,"_bbp_total_topic_count":0,"_bbp_total_reply_count":0,"_bbp_voice_count":0,"_bbp_anonymous_reply_count":0,"_bbp_topic_count_hidden":0,"_bbp_reply_count_hidden":0,"_bbp_forum_subforum_count":0,"footnotes":""},"categories":[137,1],"tags":[],"class_list":["post-1252","post","type-post","status-publish","format-standard","has-post-thumbnail","hentry","category-curs-2022-2023","category-general"],"post_mailing_queue_ids":[],"_links":{"self":[{"href":"https:\/\/agora.xtec.cat\/zeremporda\/wp-json\/wp\/v2\/posts\/1252","targetHints":{"allow":["GET"]}}],"collection":[{"href":"https:\/\/agora.xtec.cat\/zeremporda\/wp-json\/wp\/v2\/posts"}],"about":[{"href":"https:\/\/agora.xtec.cat\/zeremporda\/wp-json\/wp\/v2\/types\/post"}],"author":[{"embeddable":true,"href":"https:\/\/agora.xtec.cat\/zeremporda\/wp-json\/wp\/v2\/users\/1"}],"replies":[{"embeddable":true,"href":"https:\/\/agora.xtec.cat\/zeremporda\/wp-json\/wp\/v2\/comments?post=1252"}],"version-history":[{"count":1,"href":"https:\/\/agora.xtec.cat\/zeremporda\/wp-json\/wp\/v2\/posts\/1252\/revisions"}],"predecessor-version":[{"id":1254,"href":"https:\/\/agora.xtec.cat\/zeremporda\/wp-json\/wp\/v2\/posts\/1252\/revisions\/1254"}],"wp:featuredmedia":[{"embeddable":true,"href":"https:\/\/agora.xtec.cat\/zeremporda\/wp-json\/wp\/v2\/media\/1253"}],"wp:attachment":[{"href":"https:\/\/agora.xtec.cat\/zeremporda\/wp-json\/wp\/v2\/media?parent=1252"}],"wp:term":[{"taxonomy":"category","embeddable":true,"href":"https:\/\/agora.xtec.cat\/zeremporda\/wp-json\/wp\/v2\/categories?post=1252"},{"taxonomy":"post_tag","embeddable":true,"href":"https:\/\/agora.xtec.cat\/zeremporda\/wp-json\/wp\/v2\/tags?post=1252"}],"curies":[{"name":"wp","href":"https:\/\/api.w.org\/{rel}","templated":true}]}}