{"id":1122,"date":"2023-02-15T19:30:30","date_gmt":"2023-02-15T18:30:30","guid":{"rendered":"https:\/\/agora.xtec.cat\/zeremporda\/?p=1122"},"modified":"2023-02-22T07:23:34","modified_gmt":"2023-02-22T06:23:34","slug":"el-projecte-divers-un-projecte-amb-mirada-diversa","status":"publish","type":"post","link":"https:\/\/agora.xtec.cat\/zeremporda\/general\/el-projecte-divers-un-projecte-amb-mirada-diversa\/","title":{"rendered":"El projecte DIVERS, un projecte amb mirada diversa"},"content":{"rendered":"<p><b>Com apr\u00e8n el nostre cervell?<\/b><\/p>\n<p><span style=\"font-weight: 400;\">Aquesta \u00e9s la pregunta que emmarca el <\/span><b>projecte Divers<\/b><span style=\"font-weight: 400;\">, un enfocament hol\u00edstic de l\u2019educaci\u00f3 especial que arriba a tots els infants des de P3 fins a 6\u00e8.<img loading=\"lazy\" decoding=\"async\" class=\"wp-image-1124 size-full alignright\" src=\"https:\/\/agora.xtec.cat\/zeremporda\/wp-content\/uploads\/usu2230\/2023\/02\/Captura-de-pantalla-2023-02-15-193210-e1676486000730.png\" alt=\"\" width=\"149\" height=\"144\" \/> <\/span><\/p>\n<p><span style=\"font-weight: 400;\">El projecte est\u00e0 inspirat en la teoria de la intel\u00b7lig\u00e8ncia PASS, desenvolupada per Jack Naglieri, J.P. Das i John Kirby el 1994. Aquesta teoria ent\u00e9n el desenvolupament de la intel\u00b7lig\u00e8ncia com una interrelaci\u00f3 entre quatre processos cognitius, d\u2019aqu\u00ed el seu nom (PASS): <\/span><b><i>P<\/i><\/b><span style=\"font-weight: 400;\">lanificaci\u00f3, <\/span><b><i>A<\/i><\/b><span style=\"font-weight: 400;\">tenci\u00f3, processament <\/span><b><i>S<\/i><\/b><span style=\"font-weight: 400;\">imultani i processament <\/span><b><i>S<\/i><\/b><span style=\"font-weight: 400;\">eq\u00fcencial.\u00a0<\/span><\/p>\n<p><span style=\"font-weight: 400;\">A trav\u00e9s d\u2019aquest pro<\/span><span style=\"font-weight: 400;\">jecte es pret\u00e9n:<\/span><\/p>\n<p><img loading=\"lazy\" decoding=\"async\" class=\" wp-image-1126 alignleft\" src=\"https:\/\/agora.xtec.cat\/zeremporda\/wp-content\/uploads\/usu2230\/2023\/02\/Captura-de-pantalla-2023-02-15-193412.png\" alt=\"\" width=\"254\" height=\"241\" \/><\/p>\n<ul>\n<li style=\"font-weight: 400;\" aria-level=\"1\"><span style=\"font-weight: 400;\">Despertar la curiositat en els alumnes per <\/span><b>identificar <\/b><span style=\"font-weight: 400;\">el seu <\/span><b>proc\u00e9s d\u2019aprenentatge<\/b><span style=\"font-weight: 400;\">.\u00a0<\/span><\/li>\n<li style=\"font-weight: 400;\" aria-level=\"1\"><span style=\"font-weight: 400;\">Acceptar, valorar, visualitzar i aprofitar les <\/span><b>difer\u00e8ncies <\/b><span style=\"font-weight: 400;\">pr\u00f2pies i dels altres com a oportunitats de creixement personals i de grup.\u00a0<\/span><\/li>\n<li style=\"font-weight: 400;\" aria-level=\"1\"><span style=\"font-weight: 400;\">Estimular en els infants el <\/span><b>processament cognitiu<\/b><span style=\"font-weight: 400;\"> de la informaci\u00f3 seq\u00fcencial, el de la informaci\u00f3 simult\u00e0nia, el proc\u00e9s cognitiu de l\u2019atenci\u00f3 i el de la planificaci\u00f3.<\/span><\/li>\n<li style=\"font-weight: 400;\" aria-level=\"1\"><span style=\"font-weight: 400;\">Potenciar una <\/span><b>detecci\u00f3 preco\u00e7<\/b><span style=\"font-weight: 400;\"> davant les necessitats educatives especials a l\u2019aula.\u00a0<\/span>\n<p style=\"font-family: 'Helvetica Neue', Helvetica, Helvetica, Arial, sans-serif; font-size: 16px;\">\n<\/li>\n<\/ul>\n<p><span style=\"font-weight: 400;\">Una visi\u00f3 m\u00e9s oberta i flexible de l\u2019atenci\u00f3 a la diversitat que vol oferir oportunitats perqu\u00e8 tothom <\/span><b><b><b><b><b><b><b><b><b><span style=\"font-weight: 400;\">descobreixi el seu potencial i pugui desenvolupar-lo al m\u00e0xim, participant, compartint, emociona<\/span><\/b><\/b><\/b><\/b><\/b><\/b><\/b><\/b><\/b><b><b><b><b><b><b><b><b><b><span style=\"font-weight: 400;\">nt-se, gaudint i sobretot amb expectatives d\u2019\u00e8xit. Una educaci\u00f3 especial per a tots els infants,\u00a0 perqu\u00e8 tots som\u00a0 <\/span><i style=\"font-family: inherit; font-size: 1em; font-weight: normal;\">ESPECIALS<\/i><span style=\"font-weight: 400;\">!<\/span><\/b><\/b><\/b><\/b><\/b><\/b><\/b><\/b><\/b><\/p>\n<p><a href=\"https:\/\/drive.google.com\/file\/d\/1dnC_-g2gNlJSafZbt6CiBwuYg1BWKWQt\/view?usp=share_link\"><span style=\"font-weight: 400;\">Article. el cervell, de la revista n\u00ba2 Empord\u00e0 ZER.\u00a0<\/span><\/a><\/p>\n<p>&nbsp;<\/p>\n<p><span style=\"font-weight: 400;\">N\u00faria Reyes<\/span><\/p>\n<p><span style=\"font-weight: 400;\">Mestra d\u2019educaci\u00f3 especial<\/span><\/p>\n<p><span style=\"font-weight: 400;\">ZER EMPORD\u00c0<\/span><\/p>\n<p>&nbsp;<\/p>\n<p style=\"font-family: 'Helvetica Neue', Helvetica, Helvetica, Arial, sans-serif; font-size: 16px;\">\n","protected":false},"excerpt":{"rendered":"<p>Com apr\u00e8n el nostre cervell?<br \/>\nAquesta \u00e9s la pregunta que emmarca el projecte Divers, un enfocament hol\u00edstic de l\u2019educaci\u00f3 especial que arriba a tots els infants des de P3 fins a 6\u00e8.<br \/>\nEl projecte est\u00e0 inspirat en la teoria de la intel\u00b7lig\u00e8ncia PASS, desenvolupada per Jack&hellip;  <a href=\"https:\/\/agora.xtec.cat\/zeremporda\/general\/el-projecte-divers-un-projecte-amb-mirada-diversa\/\" title=\"Read El projecte DIVERS, un projecte amb mirada diversa\">Llegeix m\u00e9s\u00bb<\/a><\/p>\n","protected":false},"author":1,"featured_media":1191,"comment_status":"open","ping_status":"closed","sticky":false,"template":"","format":"standard","meta":{"_bbp_topic_count":0,"_bbp_reply_count":0,"_bbp_total_topic_count":0,"_bbp_total_reply_count":0,"_bbp_voice_count":0,"_bbp_anonymous_reply_count":0,"_bbp_topic_count_hidden":0,"_bbp_reply_count_hidden":0,"_bbp_forum_subforum_count":0,"footnotes":""},"categories":[137,1],"tags":[],"class_list":["post-1122","post","type-post","status-publish","format-standard","has-post-thumbnail","hentry","category-curs-2022-2023","category-general"],"post_mailing_queue_ids":[],"_links":{"self":[{"href":"https:\/\/agora.xtec.cat\/zeremporda\/wp-json\/wp\/v2\/posts\/1122","targetHints":{"allow":["GET"]}}],"collection":[{"href":"https:\/\/agora.xtec.cat\/zeremporda\/wp-json\/wp\/v2\/posts"}],"about":[{"href":"https:\/\/agora.xtec.cat\/zeremporda\/wp-json\/wp\/v2\/types\/post"}],"author":[{"embeddable":true,"href":"https:\/\/agora.xtec.cat\/zeremporda\/wp-json\/wp\/v2\/users\/1"}],"replies":[{"embeddable":true,"href":"https:\/\/agora.xtec.cat\/zeremporda\/wp-json\/wp\/v2\/comments?post=1122"}],"version-history":[{"count":3,"href":"https:\/\/agora.xtec.cat\/zeremporda\/wp-json\/wp\/v2\/posts\/1122\/revisions"}],"predecessor-version":[{"id":1133,"href":"https:\/\/agora.xtec.cat\/zeremporda\/wp-json\/wp\/v2\/posts\/1122\/revisions\/1133"}],"wp:featuredmedia":[{"embeddable":true,"href":"https:\/\/agora.xtec.cat\/zeremporda\/wp-json\/wp\/v2\/media\/1191"}],"wp:attachment":[{"href":"https:\/\/agora.xtec.cat\/zeremporda\/wp-json\/wp\/v2\/media?parent=1122"}],"wp:term":[{"taxonomy":"category","embeddable":true,"href":"https:\/\/agora.xtec.cat\/zeremporda\/wp-json\/wp\/v2\/categories?post=1122"},{"taxonomy":"post_tag","embeddable":true,"href":"https:\/\/agora.xtec.cat\/zeremporda\/wp-json\/wp\/v2\/tags?post=1122"}],"curies":[{"name":"wp","href":"https:\/\/api.w.org\/{rel}","templated":true}]}}