{"id":1003,"date":"2023-02-11T15:00:21","date_gmt":"2023-02-11T14:00:21","guid":{"rendered":"https:\/\/agora.xtec.cat\/zeremporda\/?p=1003"},"modified":"2023-02-11T15:00:47","modified_gmt":"2023-02-11T14:00:47","slug":"emporda-zer-la-revista-de-la-zer-emporda","status":"publish","type":"post","link":"https:\/\/agora.xtec.cat\/zeremporda\/general\/emporda-zer-la-revista-de-la-zer-emporda\/","title":{"rendered":"EMPORD\u00c0 ZER, la revista de la ZER Empord\u00e0."},"content":{"rendered":"<p class=\"_04xlpA direction-ltr align-justify para-style-title\"><span class=\"S1PPyQ\"><img loading=\"lazy\" decoding=\"async\" class=\"aligncenter wp-image-1004 size-medium\" src=\"https:\/\/agora.xtec.cat\/zeremporda\/wp-content\/uploads\/usu2230\/2023\/02\/IMG_20221223_093527_041-300x181.jpg\" alt=\"\" width=\"300\" height=\"181\" srcset=\"https:\/\/agora.xtec.cat\/zeremporda\/wp-content\/uploads\/usu2230\/2023\/02\/IMG_20221223_093527_041-300x181.jpg 300w, https:\/\/agora.xtec.cat\/zeremporda\/wp-content\/uploads\/usu2230\/2023\/02\/IMG_20221223_093527_041-1024x619.jpg 1024w, https:\/\/agora.xtec.cat\/zeremporda\/wp-content\/uploads\/usu2230\/2023\/02\/IMG_20221223_093527_041-768x464.jpg 768w, https:\/\/agora.xtec.cat\/zeremporda\/wp-content\/uploads\/usu2230\/2023\/02\/IMG_20221223_093527_041.jpg 1170w\" sizes=\"auto, (max-width: 300px) 100vw, 300px\" \/>Us presentem el n\u00ba1 de la Revista Empord\u00e0 ZER, la revista de la ZER Empord\u00e0. Ho fem amb tota la il\u00b7lusi\u00f3 que despr\u00e8n un nou projecte, la mateixa il\u00b7lusi\u00f3 amb la cada dia anem a les aules a aprendre conjuntament amb els infants i amb la que els i les mestres els hem acompanyat en la composici\u00f3 que teniu a les mans.<\/span><\/p>\n<p class=\"_04xlpA direction-ltr align-justify para-style-title\"><span class=\"S1PPyQ\">La revista \u00e9s el producte final d&#8217;un projecte, el projecte &#8220;<\/span><span class=\"S1PPyQ\">Alimentaci\u00f3 i sostenibilitat<\/span><span class=\"S1PPyQ\">&#8221; que hem desenvolupat al llarg del primer trimestre del curs 22-23 a totes les escoles de la ZER.<\/span><\/p>\n<p class=\"_04xlpA direction-ltr align-justify para-style-title\"><span class=\"S1PPyQ\">Aquesta, respon a la motivaci\u00f3 d&#8217;<\/span><span class=\"S1PPyQ\">aprendre a escriure b\u00e9, i d&#8217;escriure per aprendre millor<\/span><span class=\"S1PPyQ\">. \u00c9s quan escrivim que organitzem el pensament, escollim les paraules adequades, li donem el millor format del que en som capa\u00e7os i ens posem en el lloc del lector, \u00e9s a dir, vosaltres. \u00c9s per tot aix\u00f2 que li donem tant de valor.<\/span><\/p>\n<p class=\"_04xlpA direction-ltr align-justify para-style-title\"><span class=\"S1PPyQ\">El projecte, que parteix de la mateixa base d&#8217;aprenentatge a totes les escoles, ha estat desenvolupat de formes diferents a cadascuna d&#8217;elles. A partir d&#8217;un repte inicial, els infants de cada escola se l&#8217;han fet seu i han expressat el desig d&#8217;aprendre que els ha dut a encaminar la seva investigaci\u00f3 cap a camins lleugerament diferents. A Cistella, han volgut investigar l&#8217;impacte dels aliments en el m\u00f3n, a Garrig\u00e0s han fet un estudi entorn a la pizza en el cas dels m\u00e9s petits i la xocolata en el cas dels grans. Palau de Santa Eul\u00e0lia ha treballat el projecte a trav\u00e9s de l&#8217;hort i el producte de km 0, Vilanant ha experimentat i aprofundit en els sucres, les llaminadures i l&#8217;impacte en el cos, i l&#8217;escola de Pont de Molins ha basat la seva investigaci\u00f3 en el cam\u00ed del Cacau.<\/span><\/p>\n<p class=\"_04xlpA direction-ltr align-justify para-style-title\"><span class=\"S1PPyQ\">Totes les investigacions comparteixen un mateix punt de partida i d&#8217;arribada: el cam\u00ed dels aliments en el meu cos ens permet aprofundir en all\u00f2 que ens \u00e9s propi; i el cam\u00ed dels aliments fins a casa meva ens ha perm\u00e8s prendre consci\u00e8ncia de la import\u00e0ncia de l&#8217;alimentaci\u00f3 sostenible.<\/span><\/p>\n<p class=\"_04xlpA direction-ltr align-justify para-style-title\"><span class=\"S1PPyQ\">Educar en la sostenibilitat, amb l&#8217;horitz\u00f3 dels ODS, fer-ho com a ciutadans cr\u00edtics, respectuosos i amb capacitat de canvi s\u00f3n nom\u00e9s alguns dels objectius que es troben darrere d&#8217;aquest treball.<\/span><\/p>\n<p class=\"_04xlpA direction-ltr align-justify para-style-title\"><span class=\"S1PPyQ\">Esperem que en gaudiu i que aquesta sigui la 1a de moltes publicacions.<\/span><\/p>\n<p><a href=\"https:\/\/drive.google.com\/file\/d\/1UNjbgqFpMyv42uprsDHCQuIzYE2RRBmX\/view?usp=share_link\">AQU\u00cd<\/a> podeu consultar la versi\u00f3 completa de tots els articles que han elaborat les escoles i que s&#8217;han impr\u00e8s en una versi\u00f3 pr\u00f2pia per a cadascuna.<\/p>\n","protected":false},"excerpt":{"rendered":"<p>Us presentem el n\u00ba1 de la Revista Empord\u00e0 ZER, la revista de la ZER Empord\u00e0. Ho fem amb tota la il\u00b7lusi\u00f3 que despr\u00e8n un nou projecte, la mateixa il\u00b7lusi\u00f3 amb la cada dia anem a les aules a aprendre conjuntament amb els infants i amb&hellip;  <a href=\"https:\/\/agora.xtec.cat\/zeremporda\/general\/emporda-zer-la-revista-de-la-zer-emporda\/\" title=\"Read EMPORD\u00c0 ZER, la revista de la ZER Empord\u00e0.\">Llegeix m\u00e9s\u00bb<\/a><\/p>\n","protected":false},"author":1,"featured_media":1004,"comment_status":"open","ping_status":"closed","sticky":false,"template":"","format":"standard","meta":{"_bbp_topic_count":0,"_bbp_reply_count":0,"_bbp_total_topic_count":0,"_bbp_total_reply_count":0,"_bbp_voice_count":0,"_bbp_anonymous_reply_count":0,"_bbp_topic_count_hidden":0,"_bbp_reply_count_hidden":0,"_bbp_forum_subforum_count":0,"footnotes":""},"categories":[137,1],"tags":[],"class_list":["post-1003","post","type-post","status-publish","format-standard","has-post-thumbnail","hentry","category-curs-2022-2023","category-general"],"post_mailing_queue_ids":[],"_links":{"self":[{"href":"https:\/\/agora.xtec.cat\/zeremporda\/wp-json\/wp\/v2\/posts\/1003","targetHints":{"allow":["GET"]}}],"collection":[{"href":"https:\/\/agora.xtec.cat\/zeremporda\/wp-json\/wp\/v2\/posts"}],"about":[{"href":"https:\/\/agora.xtec.cat\/zeremporda\/wp-json\/wp\/v2\/types\/post"}],"author":[{"embeddable":true,"href":"https:\/\/agora.xtec.cat\/zeremporda\/wp-json\/wp\/v2\/users\/1"}],"replies":[{"embeddable":true,"href":"https:\/\/agora.xtec.cat\/zeremporda\/wp-json\/wp\/v2\/comments?post=1003"}],"version-history":[{"count":1,"href":"https:\/\/agora.xtec.cat\/zeremporda\/wp-json\/wp\/v2\/posts\/1003\/revisions"}],"predecessor-version":[{"id":1005,"href":"https:\/\/agora.xtec.cat\/zeremporda\/wp-json\/wp\/v2\/posts\/1003\/revisions\/1005"}],"wp:featuredmedia":[{"embeddable":true,"href":"https:\/\/agora.xtec.cat\/zeremporda\/wp-json\/wp\/v2\/media\/1004"}],"wp:attachment":[{"href":"https:\/\/agora.xtec.cat\/zeremporda\/wp-json\/wp\/v2\/media?parent=1003"}],"wp:term":[{"taxonomy":"category","embeddable":true,"href":"https:\/\/agora.xtec.cat\/zeremporda\/wp-json\/wp\/v2\/categories?post=1003"},{"taxonomy":"post_tag","embeddable":true,"href":"https:\/\/agora.xtec.cat\/zeremporda\/wp-json\/wp\/v2\/tags?post=1003"}],"curies":[{"name":"wp","href":"https:\/\/api.w.org\/{rel}","templated":true}]}}