{"id":18049,"date":"2026-07-05T11:59:14","date_gmt":"2026-07-05T09:59:14","guid":{"rendered":"https:\/\/agora.xtec.cat\/zerelsio\/?p=18049"},"modified":"2026-07-05T11:59:14","modified_gmt":"2026-07-05T09:59:14","slug":"el-projecte-etwinning-de-la-zer-el-sio-destacat-per-la-european-school-education-platform","status":"publish","type":"post","link":"https:\/\/agora.xtec.cat\/zerelsio\/general\/el-projecte-etwinning-de-la-zer-el-sio-destacat-per-la-european-school-education-platform\/","title":{"rendered":"El projecte eTwinning de la ZER El Si\u00f3, destacat per la European School Education Platform!"},"content":{"rendered":"<p class=\"PDq2pG_selectionAnchorContainer\" data-start=\"442\" data-end=\"501\">Estem molt contents de compartir una not\u00edcia molt especial!<\/p>\n<p data-start=\"503\" data-end=\"827\">El nostre projecte eTwinning <strong data-start=\"532\" data-end=\"561\">Small Schools, Big Voices<\/strong>, desenvolupat conjuntament amb escoles de Gr\u00e8cia i Romania, ha estat seleccionat per la <strong data-start=\"658\" data-end=\"696\">European School Education Platform<\/strong> com a exemple de bona pr\u00e0ctica en escoles rurals i forma part d&#8217;un article dedicat a posar en valor l&#8217;educaci\u00f3 en aquests entorns.<\/p>\n<p data-start=\"829\" data-end=\"1136\">Aquest reconeixement destaca la feina realitzada durant el projecte, en qu\u00e8 l&#8217;alumnat ha pogut comunicar-se en angl\u00e8s amb altres escoles europees, compartir el seu entorn rural, les tradicions i la cultura del nostre territori, alhora que desenvolupava la compet\u00e8ncia digital i la consci\u00e8ncia intercultural.<\/p>\n<p data-start=\"1138\" data-end=\"1425\">A m\u00e9s, l&#8217;equip editorial de la plataforma europea va contactar amb la Laura, mestra d&#8217;angl\u00e8s i coordinadora del projecte, per recollir la seva experi\u00e8ncia docent i incloure-la dins de l&#8217;article, convertint el projecte Small Schools, Big Voices en un exemple inspirador per a altres centres educatius europeus.<\/p>\n<p data-start=\"1427\" data-end=\"1710\">Aquest reconeixement \u00e9s fruit de la il\u00b7lusi\u00f3, el comprom\u00eds i la implicaci\u00f3 de tot l&#8217;alumnat i del professorat participant. Estem molt orgullosos i orgulloses d&#8217;haver pogut donar veu a les nostres escoles rurals i demostrar que, encara que siguem petites, <strong data-start=\"1669\" data-end=\"1710\">les nostres escoles tenen molt a dir.<\/strong><\/p>\n<p data-start=\"1712\" data-end=\"1788\">Podeu llegir l&#8217;article complet <strong data-start=\"1715\" data-end=\"1755\"><a href=\"https:\/\/school-education.ec.europa.eu\/en\/discover\/news\/etwinning-rural-schools-strong-roots-and-wider-connections\">aqu\u00ed<\/a>.<\/strong><\/p>\n<p data-start=\"1712\" data-end=\"1788\"><img loading=\"lazy\" decoding=\"async\" class=\" wp-image-18051 aligncenter\" src=\"https:\/\/agora.xtec.cat\/zerelsio\/wp-content\/uploads\/usu567\/2026\/07\/logo-eTwinning.png\" alt=\"\" width=\"372\" height=\"209\" srcset=\"https:\/\/agora.xtec.cat\/zerelsio\/wp-content\/uploads\/usu567\/2026\/07\/logo-eTwinning.png 600w, https:\/\/agora.xtec.cat\/zerelsio\/wp-content\/uploads\/usu567\/2026\/07\/logo-eTwinning-300x169.png 300w\" sizes=\"auto, (max-width: 372px) 100vw, 372px\" \/><\/p>\n","protected":false},"excerpt":{"rendered":"<p>Estem molt contents de compartir una not\u00edcia molt especial!<br \/>\nEl nostre projecte eTwinning Small Schools, Big Voices, desenvolupat conjuntament amb escoles de Gr\u00e8cia i Romania, ha estat seleccionat per la European School Education Platform com a exemple de bona pr\u00e0ctica en escoles rurals i forma part&hellip;  <a href=\"https:\/\/agora.xtec.cat\/zerelsio\/general\/el-projecte-etwinning-de-la-zer-el-sio-destacat-per-la-european-school-education-platform\/\" title=\"Read El projecte eTwinning de la ZER El Si\u00f3, destacat per la European School Education Platform!\">Llegeix m\u00e9s\u00bb<\/a><\/p>\n","protected":false},"author":1,"featured_media":0,"comment_status":"open","ping_status":"open","sticky":false,"template":"","format":"standard","meta":{"_bbp_topic_count":0,"_bbp_reply_count":0,"_bbp_total_topic_count":0,"_bbp_total_reply_count":0,"_bbp_voice_count":0,"_bbp_anonymous_reply_count":0,"_bbp_topic_count_hidden":0,"_bbp_reply_count_hidden":0,"_bbp_forum_subforum_count":0,"footnotes":""},"categories":[1,162,29,110,168],"tags":[206,169],"class_list":["post-18049","post","type-post","status-publish","format-standard","hentry","category-general","category-general-en","category-portada","category-elsio","category-gep","tag-etwinning","tag-plurilinguisme"],"post_mailing_queue_ids":[],"_links":{"self":[{"href":"https:\/\/agora.xtec.cat\/zerelsio\/wp-json\/wp\/v2\/posts\/18049","targetHints":{"allow":["GET"]}}],"collection":[{"href":"https:\/\/agora.xtec.cat\/zerelsio\/wp-json\/wp\/v2\/posts"}],"about":[{"href":"https:\/\/agora.xtec.cat\/zerelsio\/wp-json\/wp\/v2\/types\/post"}],"author":[{"embeddable":true,"href":"https:\/\/agora.xtec.cat\/zerelsio\/wp-json\/wp\/v2\/users\/1"}],"replies":[{"embeddable":true,"href":"https:\/\/agora.xtec.cat\/zerelsio\/wp-json\/wp\/v2\/comments?post=18049"}],"version-history":[{"count":1,"href":"https:\/\/agora.xtec.cat\/zerelsio\/wp-json\/wp\/v2\/posts\/18049\/revisions"}],"predecessor-version":[{"id":18052,"href":"https:\/\/agora.xtec.cat\/zerelsio\/wp-json\/wp\/v2\/posts\/18049\/revisions\/18052"}],"wp:attachment":[{"href":"https:\/\/agora.xtec.cat\/zerelsio\/wp-json\/wp\/v2\/media?parent=18049"}],"wp:term":[{"taxonomy":"category","embeddable":true,"href":"https:\/\/agora.xtec.cat\/zerelsio\/wp-json\/wp\/v2\/categories?post=18049"},{"taxonomy":"post_tag","embeddable":true,"href":"https:\/\/agora.xtec.cat\/zerelsio\/wp-json\/wp\/v2\/tags?post=18049"}],"curies":[{"name":"wp","href":"https:\/\/api.w.org\/{rel}","templated":true}]}}